{"id":9482,"date":"2021-09-15T08:02:17","date_gmt":"2021-09-15T08:02:17","guid":{"rendered":"https:\/\/www.abele1757.com\/journal\/sin-categorizar\/marie-guillemot-et-lart-floral\/"},"modified":"2021-09-19T09:36:21","modified_gmt":"2021-09-19T09:36:21","slug":"marie-florista","status":"publish","type":"post","link":"https:\/\/www.abele1757.com\/es\/journal\/lifestyle-es\/marie-florista\/","title":{"rendered":"Marie Guillemot, Florista"},"content":{"rendered":"\t\t<div data-elementor-type=\"wp-post\" data-elementor-id=\"9482\" class=\"elementor elementor-9482 elementor-8565\" data-elementor-post-type=\"post\">\n\t\t\t\t\t\t<section class=\"elementor-section elementor-top-section elementor-element elementor-element-402beed9 elementor-section-boxed elementor-section-height-default elementor-section-height-default\" data-id=\"402beed9\" data-element_type=\"section\" data-settings=\"{&quot;jet_parallax_layout_list&quot;:[{&quot;jet_parallax_layout_image&quot;:{&quot;url&quot;:&quot;&quot;,&quot;id&quot;:&quot;&quot;,&quot;size&quot;:&quot;&quot;},&quot;_id&quot;:&quot;a417ba5&quot;,&quot;jet_parallax_layout_image_tablet&quot;:{&quot;url&quot;:&quot;&quot;,&quot;id&quot;:&quot;&quot;,&quot;size&quot;:&quot;&quot;},&quot;jet_parallax_layout_image_mobile&quot;:{&quot;url&quot;:&quot;&quot;,&quot;id&quot;:&quot;&quot;,&quot;size&quot;:&quot;&quot;},&quot;jet_parallax_layout_speed&quot;:{&quot;unit&quot;:&quot;%&quot;,&quot;size&quot;:50,&quot;sizes&quot;:[]},&quot;jet_parallax_layout_type&quot;:&quot;scroll&quot;,&quot;jet_parallax_layout_direction&quot;:&quot;1&quot;,&quot;jet_parallax_layout_fx_direction&quot;:null,&quot;jet_parallax_layout_z_index&quot;:&quot;&quot;,&quot;jet_parallax_layout_bg_x&quot;:50,&quot;jet_parallax_layout_bg_x_tablet&quot;:&quot;&quot;,&quot;jet_parallax_layout_bg_x_mobile&quot;:&quot;&quot;,&quot;jet_parallax_layout_bg_y&quot;:50,&quot;jet_parallax_layout_bg_y_tablet&quot;:&quot;&quot;,&quot;jet_parallax_layout_bg_y_mobile&quot;:&quot;&quot;,&quot;jet_parallax_layout_bg_size&quot;:&quot;auto&quot;,&quot;jet_parallax_layout_bg_size_tablet&quot;:&quot;&quot;,&quot;jet_parallax_layout_bg_size_mobile&quot;:&quot;&quot;,&quot;jet_parallax_layout_animation_prop&quot;:&quot;transform&quot;,&quot;jet_parallax_layout_on&quot;:[&quot;desktop&quot;,&quot;tablet&quot;]}]}\">\n\t\t\t\t\t\t<div class=\"elementor-container elementor-column-gap-default\">\n\t\t\t\t\t<div class=\"elementor-column elementor-col-100 elementor-top-column elementor-element elementor-element-ffccfe1\" data-id=\"ffccfe1\" data-element_type=\"column\">\n\t\t\t<div class=\"elementor-widget-wrap elementor-element-populated\">\n\t\t\t\t\t\t<div class=\"elementor-element elementor-element-11e80850 elementor-widget elementor-widget-text-editor\" data-id=\"11e80850\" data-element_type=\"widget\" data-widget_type=\"text-editor.default\">\n\t\t\t\t<div class=\"elementor-widget-container\">\n\t\t\t\t\t\t\t\t\t<p><strong>Marie Guillemot, propietaria del taller de dise\u00f1o floral y vegetal MG, nos abre las puertas de su taller situado en el n\u00famero 6 de rue de l\u2019Universit\u00e9 en Reims. La artesana hace un repaso por su carrera, la pasi\u00f3n floral que la mueve desde hace a\u00f1os, su enfoque art\u00edstico, su relaci\u00f3n con el tiempo y muchos otros temas para la Maison Abel\u00e9 1757.<\/strong><\/p>\n<figure class=\"wp-block-image size-large is-resized\"><img fetchpriority=\"high\" decoding=\"async\" class=\"wp-image-8570\" src=\"https:\/\/www.abele1757.com\/wp-content\/uploads\/2021\/06\/5H2A9845-683x1024.jpg\" alt=\"\" width=\"518\" height=\"777\" srcset=\"https:\/\/www.abele1757.com\/wp-content\/uploads\/2021\/06\/5H2A9845-683x1024.jpg 683w, https:\/\/www.abele1757.com\/wp-content\/uploads\/2021\/06\/5H2A9845-200x300.jpg 200w, https:\/\/www.abele1757.com\/wp-content\/uploads\/2021\/06\/5H2A9845-768x1152.jpg 768w, https:\/\/www.abele1757.com\/wp-content\/uploads\/2021\/06\/5H2A9845-1024x1536.jpg 1024w, https:\/\/www.abele1757.com\/wp-content\/uploads\/2021\/06\/5H2A9845-1366x2048.jpg 1366w, https:\/\/www.abele1757.com\/wp-content\/uploads\/2021\/06\/5H2A9845-scaled.jpg 1707w\" sizes=\"(max-width: 518px) 100vw, 518px\" \/><\/figure>\n<p><strong><em>\u00bfC\u00f3mo empez\u00f3 su aventura en el dise\u00f1o floral?<\/em><\/strong><\/p>\n<p>Todo empez\u00f3 hace unos quince a\u00f1os, cuando a\u00fan viv\u00eda en Versalles. Tomaba regularmente clases de arreglos florales en una asociaci\u00f3n de horticultura. \u00a1Y me encantaban! Tanto es as\u00ed que opt\u00e9 por reciclarme para una nueva carrera haciendo un CAP(1) de un a\u00f1o en Jouy-en-Josas (78). Alternaba mis semanas entre las clases y la formaci\u00f3n en una empresa.<\/p>\n<p><strong><em>Si hubiera que elegir una palabra para describir su profesi\u00f3n, \u00bfcu\u00e1l ser\u00eda la m\u00e1s adecuada: artista, artesana o directora?<\/em><\/strong><\/p>\n<p>Artesana y artista, seguramente. Directora, en cierto modo. No buscamos una puesta en escena impresionante. De hecho, buscamos lo contrario. Es m\u00e1s bien un momento po\u00e9tico. Que el ramo diga algo a la persona que se cruza en su camino. Que se note al entrar en el vest\u00edbulo de un gran hotel, pero tambi\u00e9n al salir. Que le emocione cada vez que pase por delante. Que le hable, m\u00e1s que impresionarle. Eso es en realidad lo que buscamos en el taller.<\/p>\n<div class=\"wp-block-columns\">\n<div class=\"wp-block-column\" style=\"flex-basis: 100%;\">\n<figure class=\"wp-block-gallery columns-2\">\n<ul class=\"blocks-gallery-grid\">\n<li class=\"blocks-gallery-item\">\n<figure><img decoding=\"async\" width=\"682\" height=\"1024\" class=\"wp-image-8597\" src=\"https:\/\/www.abele1757.com\/wp-content\/uploads\/2021\/06\/5H2A9688-682x1024.jpg\" alt=\"\" data-id=\"8597\" data-link=\"https:\/\/www.abele1757.com\/?attachment_id=8597\" srcset=\"https:\/\/www.abele1757.com\/wp-content\/uploads\/2021\/06\/5H2A9688-682x1024.jpg 682w, https:\/\/www.abele1757.com\/wp-content\/uploads\/2021\/06\/5H2A9688-200x300.jpg 200w, https:\/\/www.abele1757.com\/wp-content\/uploads\/2021\/06\/5H2A9688-768x1153.jpg 768w, https:\/\/www.abele1757.com\/wp-content\/uploads\/2021\/06\/5H2A9688-1023x1536.jpg 1023w, https:\/\/www.abele1757.com\/wp-content\/uploads\/2021\/06\/5H2A9688-1365x2048.jpg 1365w, https:\/\/www.abele1757.com\/wp-content\/uploads\/2021\/06\/5H2A9688-scaled.jpg 1706w\" sizes=\"(max-width: 682px) 100vw, 682px\" \/><\/figure>\n<\/li>\n<li class=\"blocks-gallery-item\">\n<figure><img decoding=\"async\" width=\"683\" height=\"1024\" class=\"wp-image-8603\" src=\"https:\/\/www.abele1757.com\/wp-content\/uploads\/2021\/06\/5H2A9580-683x1024.jpg\" alt=\"\" data-id=\"8603\" data-full-url=\"https:\/\/www.abele1757.com\/wp-content\/uploads\/2021\/06\/5H2A9580-scaled.jpg\" data-link=\"https:\/\/www.abele1757.com\/?attachment_id=8603\" srcset=\"https:\/\/www.abele1757.com\/wp-content\/uploads\/2021\/06\/5H2A9580-683x1024.jpg 683w, https:\/\/www.abele1757.com\/wp-content\/uploads\/2021\/06\/5H2A9580-200x300.jpg 200w, https:\/\/www.abele1757.com\/wp-content\/uploads\/2021\/06\/5H2A9580-768x1152.jpg 768w, https:\/\/www.abele1757.com\/wp-content\/uploads\/2021\/06\/5H2A9580-1024x1536.jpg 1024w, https:\/\/www.abele1757.com\/wp-content\/uploads\/2021\/06\/5H2A9580-1366x2048.jpg 1366w, https:\/\/www.abele1757.com\/wp-content\/uploads\/2021\/06\/5H2A9580-scaled.jpg 1707w\" sizes=\"(max-width: 683px) 100vw, 683px\" \/><\/figure>\n<\/li>\n<\/ul>\n<\/figure>\n<\/div>\n<\/div>\n<p><strong><em>\u00bfPodr\u00eda explicar su enfoque art\u00edstico al adornar con flores un lugar?<\/em><\/strong><\/p>\n<p>Antes de florear, es fundamental hacerse una idea del lugar y de sus vol\u00famenes. Se debe conseguir ocupar el espacio sin recargarlo. Luego viene el ambiente general, el ADN del lugar. Por \u00faltimo, hay que tener en cuenta la raz\u00f3n de ser del pedido: las personas que acuden al lugar.<\/p>\n<p>El mensaje es diferente entre un ramo de flores para un seminario y para la bienvenida a una vip en un restaurante. La historia que se cuenta debe ser diferente. El mensaje debe captarse m\u00e1s r\u00e1pidamente y su impacto debe ser m\u00e1s fuerte. Todo es cuesti\u00f3n de contexto.<\/p>\n<p><strong><em>\u00bfC\u00f3mo funciona su proceso creativo en su trabajo?<\/em><\/strong><\/p>\n<p>Para los proyectos grandes, a veces pongo mis ideas en papel. Pero esto es bastante raro Muy a menudo, lo tengo todo en mi cabeza. Lo m\u00e1s dif\u00edcil es encontrar la l\u00ednea. Conseguirlo supone una peque\u00f1a alegr\u00eda. Se tiene la sensaci\u00f3n de despegar y de que el ramo va a ser muy fluido de conseguir. Es en este preciso momento cuando una se ve completamente desviada por la inteligencia de las manos. Ellas son quienes crear\u00e1n la idea que ten\u00edamos en mente. La har\u00e1n suya. Por eso nuestra profesi\u00f3n es ante todo artesanal. Todo es muy intuitivo. Las manos hablar\u00e1n por nosotros y nos llevar\u00e1n a otra cosa.<\/p>\n<figure class=\"wp-block-image size-large\"><img loading=\"lazy\" decoding=\"async\" width=\"683\" height=\"1024\" class=\"wp-image-8583\" src=\"https:\/\/www.abele1757.com\/wp-content\/uploads\/2021\/06\/5H2A9672-1-683x1024.jpg\" alt=\"\" srcset=\"https:\/\/www.abele1757.com\/wp-content\/uploads\/2021\/06\/5H2A9672-1-683x1024.jpg 683w, https:\/\/www.abele1757.com\/wp-content\/uploads\/2021\/06\/5H2A9672-1-200x300.jpg 200w, https:\/\/www.abele1757.com\/wp-content\/uploads\/2021\/06\/5H2A9672-1-768x1152.jpg 768w, https:\/\/www.abele1757.com\/wp-content\/uploads\/2021\/06\/5H2A9672-1-1024x1536.jpg 1024w, https:\/\/www.abele1757.com\/wp-content\/uploads\/2021\/06\/5H2A9672-1-1366x2048.jpg 1366w, https:\/\/www.abele1757.com\/wp-content\/uploads\/2021\/06\/5H2A9672-1-scaled.jpg 1707w\" sizes=\"(max-width: 683px) 100vw, 683px\" \/><\/figure>\n<p><strong><em>\u00bfC\u00f3mo se integra el tiempo en sus creaciones?<\/em><\/strong><\/p>\n<p>El tiempo nos gu\u00eda en la elecci\u00f3n de las flores. Debe permitirnos saber cu\u00e1ndo estar\u00e1n en todo su apogeo. Hay que tomarse el tiempo necesario para dejarlas abrirse e imaginar su futuro.<\/p>\n<p>Un ramo vive despu\u00e9s de nosotros. Una vez en la sala, sigue evolucionando y haciendo su vida. Si se toma el tiempo de mirarlos, ver\u00e1 que algunos buscan la luz. Otros se apartar\u00e1n del jarr\u00f3n&#8230; no es una decoraci\u00f3n fija en un momento exacto. El ramo evoluciona. Necesita tiempo. Como nosotros, cuando hacemos nuestros ramos. Debemos sumergirnos e imaginar c\u00f3mo el tiempo dar\u00e1 forma a nuestra creaci\u00f3n.<\/p>\n<p><strong><em>Vos Sus creaciones decoran los grandes hoteles, palacios y restaurantes con estrellas franceses. \u00bfC\u00f3mo encajan sus creaciones en el arte de la mesa?<\/em><\/strong><\/p>\n<p>Un ramo es ya el arte de recibir. Est\u00e9 o no en la sala, siempre est\u00e1 ah\u00ed para recibir al hu\u00e9sped. En la mesa de un restaurante, se convierte en parte del arte de la mesa. Un arte que evoluciona con las \u00e9pocas, desde el estilo del ramo hasta el tipo de vajilla utilizada o la decoraci\u00f3n del lugar. Hay que evitar a toda costa \u00abrobar el protagonismo\u00bb, ya sea de los platos gastron\u00f3micos de los chefs o de los aromas de los vinos. Nunca ver\u00e1 una flor demasiado perfumada en una mesa a riesgo de molestar a una nariz un poco fina. Sin embargo, un ramo de flores es m\u00e1s que un simple objeto decorativo. Debe tener sentido para que todos estos elementos se respondan entre s\u00ed, se potencien mutuamente y se integren a la perfecci\u00f3n.<\/p>\n<p><em><strong>\u00bfCu\u00e1les son sus fuentes de inspiraci\u00f3n?<\/strong><\/em><\/p>\n<p>La pintura ocupa un lugar importante. Hace dos semanas, hice un centro de mesa para un pedido. El objetivo era recrear la decoraci\u00f3n de la mesa de una boda real que tuvo lugar en 1869. Lamentablemente, no hay fotos de la sala de recepci\u00f3n ni de la mesa en cuesti\u00f3n. No hay nada en lo que apoyarse. Tuvimos que volver a los cuadros de bodegones para hacernos una idea de los estilos de ramos de la \u00e9poca. En una dimensi\u00f3n m\u00e1s contempor\u00e1nea, me encanta la moda y especialmente la alta costura. Los drapeados, los cortes de las prendas&#8230; es todo muy inspirador. Aunque tenga poco que ver con el dise\u00f1o floral (risas).<\/p>\n<p><strong><em>\u00bfPuede hablarnos del simbolismo de las flores en sus creaciones?<\/em><\/strong><\/p>\n<p>Nunca voy a decir \u00abLas rosas son tan&#8230;\u00bb ni \u00abHace falta un n\u00famero par de&#8230;\u00bb. Este simbolismo no me habla. Por el contrario, el aspecto de un ramo es m\u00e1s importante para m\u00ed. Me detengo cuando es hermoso. <\/p>\n<p>Tambi\u00e9n hay algo que siempre miro: la poes\u00eda. Nuestro sello en el taller es dar la sensaci\u00f3n de \u00abregresar de un paseo\u00bb. Un paseo por la naturaleza recogiendo flores. Por ejemplo, me encanta poner moras peque\u00f1as, bayas o hierbas para aportar un toque delicioso a las mesas. Sin embargo, este ambiente de \u00abjard\u00edn\u00bb no significa \u00abcampestre\u00bb. Es m\u00e1s bien un \u00abtrozo de jard\u00edn\u00bb.<\/p>\n<figure class=\"wp-block-image size-large is-resized\"><img loading=\"lazy\" decoding=\"async\" class=\"wp-image-8607\" src=\"https:\/\/www.abele1757.com\/wp-content\/uploads\/2021\/06\/5H2A9550-2-682x1024.jpg\" alt=\"\" width=\"550\" height=\"826\" srcset=\"https:\/\/www.abele1757.com\/wp-content\/uploads\/2021\/06\/5H2A9550-2-682x1024.jpg 682w, https:\/\/www.abele1757.com\/wp-content\/uploads\/2021\/06\/5H2A9550-2-200x300.jpg 200w, https:\/\/www.abele1757.com\/wp-content\/uploads\/2021\/06\/5H2A9550-2-768x1153.jpg 768w, https:\/\/www.abele1757.com\/wp-content\/uploads\/2021\/06\/5H2A9550-2-1024x1536.jpg 1024w, https:\/\/www.abele1757.com\/wp-content\/uploads\/2021\/06\/5H2A9550-2-1365x2048.jpg 1365w, https:\/\/www.abele1757.com\/wp-content\/uploads\/2021\/06\/5H2A9550-2.jpg 1482w\" sizes=\"(max-width: 550px) 100vw, 550px\" \/><\/figure>\n<p><strong><em>\u00bfC\u00f3mo trabaja con las diferentes etapas de la vida de las flores?<\/em><\/strong><\/p>\n<p>Mis ramos se trabajan como en la naturaleza. En la parte superior, se encuentran las flores en capullo. Por otro lado, las m\u00e1s florecientes se sit\u00faan m\u00e1s hacia el centro del ramo. Tambi\u00e9n podemos establecer un paralelismo con las etapas de maduraci\u00f3n del vino. Algunos alcanzar\u00e1n su punto \u00e1lgido antes de ir bajando poco a poco en aroma y poder de permanencia. Es muy bonito verlos evolucionar, muy evocador.<\/p>\n<p><strong><em>\u00bfC\u00f3mo consigue transmitir su pasi\u00f3n a quienes le rodean y a su equipo?<\/em><\/strong><\/p>\n<p>De base, tenemos un equipo de personas apasionadas. Es un placer incre\u00edble trabajar juntas. Sin mediar palabra, se crea una emulaci\u00f3n creativa. Hay una energ\u00eda creativa muy estimulante. A veces, nos cortamos para decir \u00abAh, pero pensaba en&#8230;\u00bb, \u00ab\u00a1Pero yo tambi\u00e9n quer\u00eda&#8230;! \u00ab. Pone los pelos de punta (risas).<\/p>\n<figure class=\"wp-block-image size-large\"><img loading=\"lazy\" decoding=\"async\" width=\"1024\" height=\"683\" class=\"wp-image-8574\" src=\"https:\/\/www.abele1757.com\/wp-content\/uploads\/2021\/06\/5H2A9923-1024x683.jpg\" alt=\"\" srcset=\"https:\/\/www.abele1757.com\/wp-content\/uploads\/2021\/06\/5H2A9923-1024x683.jpg 1024w, https:\/\/www.abele1757.com\/wp-content\/uploads\/2021\/06\/5H2A9923-300x200.jpg 300w, https:\/\/www.abele1757.com\/wp-content\/uploads\/2021\/06\/5H2A9923-768x512.jpg 768w, https:\/\/www.abele1757.com\/wp-content\/uploads\/2021\/06\/5H2A9923-1536x1024.jpg 1536w, https:\/\/www.abele1757.com\/wp-content\/uploads\/2021\/06\/5H2A9923-2048x1366.jpg 2048w\" sizes=\"(max-width: 1024px) 100vw, 1024px\" \/><\/figure>\n<p>Tambi\u00e9n tratamos de inculcar a nuestros aprendices una mentalidad de \u00abmirar y sentir\u00bb. Que aprendan a abrir los ojos a la naturaleza y al mundo. Cuando viajo, siempre llevo un cuchillo de florista y unas tijeras de podar en el bolso, \u00a1y paro en todas partes! Me apasiona tanto mi trabajo que mis viajes al extranjero siempre empiezan con una visita a las florister\u00edas (risas).<\/p>\n<p class=\"has-black-color has-text-color\" style=\"font-size: 12px;\"><em>Texte \u2013 <a href=\"https:\/\/www.agencediscovery.fr\" target=\"_blank\" rel=\"noreferrer noopener\">Geoffrey Chateau<\/a> | Photo \u2013 <a href=\"https:\/\/www.instagram.com\/julien_gerard_m\" target=\"_blank\" rel=\"noreferrer noopener\">Julien G\u00e9rard-Maizi\u00e8re<\/a>s<\/em><\/p>\n\t\t\t\t\t\t\t\t<\/div>\n\t\t\t\t<\/div>\n\t\t\t\t\t<\/div>\n\t\t<\/div>\n\t\t\t\t\t<\/div>\n\t\t<\/section>\n\t\t\t\t<\/div>\n\t\t","protected":false},"excerpt":{"rendered":"<p>Marie Guillemot, propietaria del taller de dise\u00f1o floral y vegetal MG, nos abre las puertas de su taller situado en el n\u00famero 6 de rue de l\u2019Universit\u00e9 en Reims. La artesana hace un repaso por su carrera, la pasi\u00f3n floral que la mueve desde hace a\u00f1os, su enfoque art\u00edstico, su relaci\u00f3n con el tiempo y [&hellip;]<\/p>\n","protected":false},"author":5,"featured_media":8617,"comment_status":"open","ping_status":"open","sticky":false,"template":"","format":"standard","meta":{"footnotes":""},"categories":[56],"tags":[],"class_list":["post-9482","post","type-post","status-publish","format-standard","has-post-thumbnail","hentry","category-lifestyle-es"],"yoast_head":"<!-- This site is optimized with the Yoast SEO plugin v26.8 - https:\/\/yoast.com\/product\/yoast-seo-wordpress\/ -->\n<title>Marie Guillemot, Florista - Champagne Abel\u00e9 1757<\/title>\n<meta name=\"description\" content=\"Marie Guillemot, propietaria del taller de dise\u00f1o floral y vegetal MG, nos abre las puertas de su taller para la Maison Abel\u00e9 1757.\" \/>\n<meta name=\"robots\" content=\"index, follow, max-snippet:-1, max-image-preview:large, max-video-preview:-1\" \/>\n<link rel=\"canonical\" href=\"https:\/\/www.abele1757.com\/es\/journal\/lifestyle-es\/marie-florista\/\" \/>\n<meta property=\"og:locale\" content=\"es_ES\" \/>\n<meta property=\"og:type\" content=\"article\" \/>\n<meta property=\"og:title\" content=\"Marie Guillemot, Florista - Champagne Abel\u00e9 1757\" \/>\n<meta property=\"og:description\" content=\"Marie Guillemot, propietaria del taller de dise\u00f1o floral y vegetal MG, nos abre las puertas de su taller para la Maison Abel\u00e9 1757.\" \/>\n<meta property=\"og:url\" content=\"https:\/\/www.abele1757.com\/es\/journal\/lifestyle-es\/marie-florista\/\" \/>\n<meta property=\"og:site_name\" content=\"Champagne Abel\u00e9 1757\" \/>\n<meta property=\"article:publisher\" content=\"https:\/\/www.facebook.com\/Abele1757\" \/>\n<meta property=\"article:published_time\" content=\"2021-09-15T08:02:17+00:00\" \/>\n<meta property=\"article:modified_time\" content=\"2021-09-19T09:36:21+00:00\" \/>\n<meta property=\"og:image\" content=\"https:\/\/www.abele1757.com\/wp-content\/uploads\/2021\/06\/5H2A9891-scaled.jpg\" \/>\n\t<meta property=\"og:image:width\" content=\"2560\" \/>\n\t<meta property=\"og:image:height\" content=\"1624\" \/>\n\t<meta property=\"og:image:type\" content=\"image\/jpeg\" \/>\n<meta name=\"author\" content=\"Geoffrey Chateau\" \/>\n<meta name=\"twitter:card\" content=\"summary_large_image\" \/>\n<meta name=\"twitter:label1\" content=\"Escrito por\" \/>\n\t<meta name=\"twitter:data1\" content=\"Geoffrey Chateau\" \/>\n\t<meta name=\"twitter:label2\" content=\"Tiempo de lectura\" \/>\n\t<meta name=\"twitter:data2\" content=\"6 minutos\" \/>\n<script type=\"application\/ld+json\" class=\"yoast-schema-graph\">{\"@context\":\"https:\/\/schema.org\",\"@graph\":[{\"@type\":\"Article\",\"@id\":\"https:\/\/www.abele1757.com\/es\/journal\/lifestyle-es\/marie-florista\/#article\",\"isPartOf\":{\"@id\":\"https:\/\/www.abele1757.com\/es\/journal\/lifestyle-es\/marie-florista\/\"},\"author\":{\"name\":\"Geoffrey Chateau\",\"@id\":\"https:\/\/www.abele1757.com\/es\/#\/schema\/person\/a1f811e8ee48f54a8b052664d4321f7f\"},\"headline\":\"Marie Guillemot, Florista\",\"datePublished\":\"2021-09-15T08:02:17+00:00\",\"dateModified\":\"2021-09-19T09:36:21+00:00\",\"mainEntityOfPage\":{\"@id\":\"https:\/\/www.abele1757.com\/es\/journal\/lifestyle-es\/marie-florista\/\"},\"wordCount\":1259,\"commentCount\":0,\"image\":{\"@id\":\"https:\/\/www.abele1757.com\/es\/journal\/lifestyle-es\/marie-florista\/#primaryimage\"},\"thumbnailUrl\":\"https:\/\/www.abele1757.com\/wp-content\/uploads\/2021\/06\/5H2A9891-scaled.jpg\",\"articleSection\":[\"Lifestyle\"],\"inLanguage\":\"es\"},{\"@type\":\"WebPage\",\"@id\":\"https:\/\/www.abele1757.com\/es\/journal\/lifestyle-es\/marie-florista\/\",\"url\":\"https:\/\/www.abele1757.com\/es\/journal\/lifestyle-es\/marie-florista\/\",\"name\":\"Marie Guillemot, Florista - Champagne Abel\u00e9 1757\",\"isPartOf\":{\"@id\":\"https:\/\/www.abele1757.com\/es\/#website\"},\"primaryImageOfPage\":{\"@id\":\"https:\/\/www.abele1757.com\/es\/journal\/lifestyle-es\/marie-florista\/#primaryimage\"},\"image\":{\"@id\":\"https:\/\/www.abele1757.com\/es\/journal\/lifestyle-es\/marie-florista\/#primaryimage\"},\"thumbnailUrl\":\"https:\/\/www.abele1757.com\/wp-content\/uploads\/2021\/06\/5H2A9891-scaled.jpg\",\"datePublished\":\"2021-09-15T08:02:17+00:00\",\"dateModified\":\"2021-09-19T09:36:21+00:00\",\"author\":{\"@id\":\"https:\/\/www.abele1757.com\/es\/#\/schema\/person\/a1f811e8ee48f54a8b052664d4321f7f\"},\"description\":\"Marie Guillemot, propietaria del taller de dise\u00f1o floral y vegetal MG, nos abre las puertas de su taller para la Maison Abel\u00e9 1757.\",\"breadcrumb\":{\"@id\":\"https:\/\/www.abele1757.com\/es\/journal\/lifestyle-es\/marie-florista\/#breadcrumb\"},\"inLanguage\":\"es\",\"potentialAction\":[{\"@type\":\"ReadAction\",\"target\":[\"https:\/\/www.abele1757.com\/es\/journal\/lifestyle-es\/marie-florista\/\"]}]},{\"@type\":\"ImageObject\",\"inLanguage\":\"es\",\"@id\":\"https:\/\/www.abele1757.com\/es\/journal\/lifestyle-es\/marie-florista\/#primaryimage\",\"url\":\"https:\/\/www.abele1757.com\/wp-content\/uploads\/2021\/06\/5H2A9891-scaled.jpg\",\"contentUrl\":\"https:\/\/www.abele1757.com\/wp-content\/uploads\/2021\/06\/5H2A9891-scaled.jpg\",\"width\":2560,\"height\":1624,\"caption\":\"Interview de Marie Guillemot pour Abel\u00e9 1757\"},{\"@type\":\"BreadcrumbList\",\"@id\":\"https:\/\/www.abele1757.com\/es\/journal\/lifestyle-es\/marie-florista\/#breadcrumb\",\"itemListElement\":[{\"@type\":\"ListItem\",\"position\":1,\"name\":\"Accueil\",\"item\":\"https:\/\/www.abele1757.com\/es\/\"},{\"@type\":\"ListItem\",\"position\":2,\"name\":\"Marie Guillemot, Florista\"}]},{\"@type\":\"WebSite\",\"@id\":\"https:\/\/www.abele1757.com\/es\/#website\",\"url\":\"https:\/\/www.abele1757.com\/es\/\",\"name\":\"Champagne Abel\u00e9 1757\",\"description\":\"Prendre le temps\",\"potentialAction\":[{\"@type\":\"SearchAction\",\"target\":{\"@type\":\"EntryPoint\",\"urlTemplate\":\"https:\/\/www.abele1757.com\/es\/?s={search_term_string}\"},\"query-input\":{\"@type\":\"PropertyValueSpecification\",\"valueRequired\":true,\"valueName\":\"search_term_string\"}}],\"inLanguage\":\"es\"},{\"@type\":\"Person\",\"@id\":\"https:\/\/www.abele1757.com\/es\/#\/schema\/person\/a1f811e8ee48f54a8b052664d4321f7f\",\"name\":\"Geoffrey Chateau\",\"image\":{\"@type\":\"ImageObject\",\"inLanguage\":\"es\",\"@id\":\"https:\/\/www.abele1757.com\/es\/#\/schema\/person\/image\/\",\"url\":\"https:\/\/secure.gravatar.com\/avatar\/59326f8db7c43d28eb2954b98f3ca32534a3d13b26247390a5bacf2db51e3a4c?s=96&d=mm&r=g\",\"contentUrl\":\"https:\/\/secure.gravatar.com\/avatar\/59326f8db7c43d28eb2954b98f3ca32534a3d13b26247390a5bacf2db51e3a4c?s=96&d=mm&r=g\",\"caption\":\"Geoffrey Chateau\"},\"url\":\"https:\/\/www.abele1757.com\/es\/\"}]}<\/script>\n<!-- \/ Yoast SEO plugin. -->","yoast_head_json":{"title":"Marie Guillemot, Florista - Champagne Abel\u00e9 1757","description":"Marie Guillemot, propietaria del taller de dise\u00f1o floral y vegetal MG, nos abre las puertas de su taller para la Maison Abel\u00e9 1757.","robots":{"index":"index","follow":"follow","max-snippet":"max-snippet:-1","max-image-preview":"max-image-preview:large","max-video-preview":"max-video-preview:-1"},"canonical":"https:\/\/www.abele1757.com\/es\/journal\/lifestyle-es\/marie-florista\/","og_locale":"es_ES","og_type":"article","og_title":"Marie Guillemot, Florista - Champagne Abel\u00e9 1757","og_description":"Marie Guillemot, propietaria del taller de dise\u00f1o floral y vegetal MG, nos abre las puertas de su taller para la Maison Abel\u00e9 1757.","og_url":"https:\/\/www.abele1757.com\/es\/journal\/lifestyle-es\/marie-florista\/","og_site_name":"Champagne Abel\u00e9 1757","article_publisher":"https:\/\/www.facebook.com\/Abele1757","article_published_time":"2021-09-15T08:02:17+00:00","article_modified_time":"2021-09-19T09:36:21+00:00","og_image":[{"width":2560,"height":1624,"url":"https:\/\/www.abele1757.com\/wp-content\/uploads\/2021\/06\/5H2A9891-scaled.jpg","type":"image\/jpeg"}],"author":"Geoffrey Chateau","twitter_card":"summary_large_image","twitter_misc":{"Escrito por":"Geoffrey Chateau","Tiempo de lectura":"6 minutos"},"schema":{"@context":"https:\/\/schema.org","@graph":[{"@type":"Article","@id":"https:\/\/www.abele1757.com\/es\/journal\/lifestyle-es\/marie-florista\/#article","isPartOf":{"@id":"https:\/\/www.abele1757.com\/es\/journal\/lifestyle-es\/marie-florista\/"},"author":{"name":"Geoffrey Chateau","@id":"https:\/\/www.abele1757.com\/es\/#\/schema\/person\/a1f811e8ee48f54a8b052664d4321f7f"},"headline":"Marie Guillemot, Florista","datePublished":"2021-09-15T08:02:17+00:00","dateModified":"2021-09-19T09:36:21+00:00","mainEntityOfPage":{"@id":"https:\/\/www.abele1757.com\/es\/journal\/lifestyle-es\/marie-florista\/"},"wordCount":1259,"commentCount":0,"image":{"@id":"https:\/\/www.abele1757.com\/es\/journal\/lifestyle-es\/marie-florista\/#primaryimage"},"thumbnailUrl":"https:\/\/www.abele1757.com\/wp-content\/uploads\/2021\/06\/5H2A9891-scaled.jpg","articleSection":["Lifestyle"],"inLanguage":"es"},{"@type":"WebPage","@id":"https:\/\/www.abele1757.com\/es\/journal\/lifestyle-es\/marie-florista\/","url":"https:\/\/www.abele1757.com\/es\/journal\/lifestyle-es\/marie-florista\/","name":"Marie Guillemot, Florista - Champagne Abel\u00e9 1757","isPartOf":{"@id":"https:\/\/www.abele1757.com\/es\/#website"},"primaryImageOfPage":{"@id":"https:\/\/www.abele1757.com\/es\/journal\/lifestyle-es\/marie-florista\/#primaryimage"},"image":{"@id":"https:\/\/www.abele1757.com\/es\/journal\/lifestyle-es\/marie-florista\/#primaryimage"},"thumbnailUrl":"https:\/\/www.abele1757.com\/wp-content\/uploads\/2021\/06\/5H2A9891-scaled.jpg","datePublished":"2021-09-15T08:02:17+00:00","dateModified":"2021-09-19T09:36:21+00:00","author":{"@id":"https:\/\/www.abele1757.com\/es\/#\/schema\/person\/a1f811e8ee48f54a8b052664d4321f7f"},"description":"Marie Guillemot, propietaria del taller de dise\u00f1o floral y vegetal MG, nos abre las puertas de su taller para la Maison Abel\u00e9 1757.","breadcrumb":{"@id":"https:\/\/www.abele1757.com\/es\/journal\/lifestyle-es\/marie-florista\/#breadcrumb"},"inLanguage":"es","potentialAction":[{"@type":"ReadAction","target":["https:\/\/www.abele1757.com\/es\/journal\/lifestyle-es\/marie-florista\/"]}]},{"@type":"ImageObject","inLanguage":"es","@id":"https:\/\/www.abele1757.com\/es\/journal\/lifestyle-es\/marie-florista\/#primaryimage","url":"https:\/\/www.abele1757.com\/wp-content\/uploads\/2021\/06\/5H2A9891-scaled.jpg","contentUrl":"https:\/\/www.abele1757.com\/wp-content\/uploads\/2021\/06\/5H2A9891-scaled.jpg","width":2560,"height":1624,"caption":"Interview de Marie Guillemot pour Abel\u00e9 1757"},{"@type":"BreadcrumbList","@id":"https:\/\/www.abele1757.com\/es\/journal\/lifestyle-es\/marie-florista\/#breadcrumb","itemListElement":[{"@type":"ListItem","position":1,"name":"Accueil","item":"https:\/\/www.abele1757.com\/es\/"},{"@type":"ListItem","position":2,"name":"Marie Guillemot, Florista"}]},{"@type":"WebSite","@id":"https:\/\/www.abele1757.com\/es\/#website","url":"https:\/\/www.abele1757.com\/es\/","name":"Champagne Abel\u00e9 1757","description":"Prendre le temps","potentialAction":[{"@type":"SearchAction","target":{"@type":"EntryPoint","urlTemplate":"https:\/\/www.abele1757.com\/es\/?s={search_term_string}"},"query-input":{"@type":"PropertyValueSpecification","valueRequired":true,"valueName":"search_term_string"}}],"inLanguage":"es"},{"@type":"Person","@id":"https:\/\/www.abele1757.com\/es\/#\/schema\/person\/a1f811e8ee48f54a8b052664d4321f7f","name":"Geoffrey Chateau","image":{"@type":"ImageObject","inLanguage":"es","@id":"https:\/\/www.abele1757.com\/es\/#\/schema\/person\/image\/","url":"https:\/\/secure.gravatar.com\/avatar\/59326f8db7c43d28eb2954b98f3ca32534a3d13b26247390a5bacf2db51e3a4c?s=96&d=mm&r=g","contentUrl":"https:\/\/secure.gravatar.com\/avatar\/59326f8db7c43d28eb2954b98f3ca32534a3d13b26247390a5bacf2db51e3a4c?s=96&d=mm&r=g","caption":"Geoffrey Chateau"},"url":"https:\/\/www.abele1757.com\/es\/"}]}},"_links":{"self":[{"href":"https:\/\/www.abele1757.com\/es\/wp-json\/wp\/v2\/posts\/9482","targetHints":{"allow":["GET"]}}],"collection":[{"href":"https:\/\/www.abele1757.com\/es\/wp-json\/wp\/v2\/posts"}],"about":[{"href":"https:\/\/www.abele1757.com\/es\/wp-json\/wp\/v2\/types\/post"}],"author":[{"embeddable":true,"href":"https:\/\/www.abele1757.com\/es\/wp-json\/wp\/v2\/users\/5"}],"replies":[{"embeddable":true,"href":"https:\/\/www.abele1757.com\/es\/wp-json\/wp\/v2\/comments?post=9482"}],"version-history":[{"count":4,"href":"https:\/\/www.abele1757.com\/es\/wp-json\/wp\/v2\/posts\/9482\/revisions"}],"predecessor-version":[{"id":9491,"href":"https:\/\/www.abele1757.com\/es\/wp-json\/wp\/v2\/posts\/9482\/revisions\/9491"}],"wp:featuredmedia":[{"embeddable":true,"href":"https:\/\/www.abele1757.com\/es\/wp-json\/wp\/v2\/media\/8617"}],"wp:attachment":[{"href":"https:\/\/www.abele1757.com\/es\/wp-json\/wp\/v2\/media?parent=9482"}],"wp:term":[{"taxonomy":"category","embeddable":true,"href":"https:\/\/www.abele1757.com\/es\/wp-json\/wp\/v2\/categories?post=9482"},{"taxonomy":"post_tag","embeddable":true,"href":"https:\/\/www.abele1757.com\/es\/wp-json\/wp\/v2\/tags?post=9482"}],"curies":[{"name":"wp","href":"https:\/\/api.w.org\/{rel}","templated":true}]}}