{"id":11075,"date":"2024-02-13T11:00:00","date_gmt":"2024-02-13T09:00:00","guid":{"rendered":"https:\/\/www.abele1757.com\/?p=11075"},"modified":"2024-02-12T12:43:06","modified_gmt":"2024-02-12T10:43:06","slug":"encuentro-en-barcelona-con-el-chef-juanen-benavent","status":"publish","type":"post","link":"https:\/\/www.abele1757.com\/es\/journal\/gastronomia\/encuentro-en-barcelona-con-el-chef-juanen-benavent\/","title":{"rendered":"Deleites Culinarios en Barcelona con el Chef Juanen Benavent"},"content":{"rendered":"\n<p>Rumbo a Espa\u00f1a y la vibrante Barcelona, donde se puede explorar una cocina excepcional con notables influencias francesas: el restaurante SAO. Su chef, Juanen Benavent, luego de a\u00f1os de formaci\u00f3n en distinguidos restaurantes gastron\u00f3micos, incluyendo cuatro a\u00f1os en Francia, en Par\u00eds, ha decidido plasmar su creatividad en su propio establecimiento. Lo consigue con maestr\u00eda en su restaurante SAO.<\/p>\n\n\n\n<figure class=\"wp-block-gallery has-nested-images columns-default is-cropped wp-block-gallery-1 is-layout-flex wp-block-gallery-is-layout-flex\">\n<figure class=\"wp-block-image size-large\"><img fetchpriority=\"high\" decoding=\"async\" width=\"819\" height=\"1024\" data-id=\"11088\" src=\"https:\/\/www.abele1757.com\/wp-content\/uploads\/2024\/02\/SAO_restaurant_cooking-819x1024.jpg\" alt=\"\" class=\"wp-image-11088\" srcset=\"https:\/\/www.abele1757.com\/wp-content\/uploads\/2024\/02\/SAO_restaurant_cooking-819x1024.jpg 819w, https:\/\/www.abele1757.com\/wp-content\/uploads\/2024\/02\/SAO_restaurant_cooking-240x300.jpg 240w, https:\/\/www.abele1757.com\/wp-content\/uploads\/2024\/02\/SAO_restaurant_cooking-768x960.jpg 768w, https:\/\/www.abele1757.com\/wp-content\/uploads\/2024\/02\/SAO_restaurant_cooking.jpg 1080w\" sizes=\"(max-width: 819px) 100vw, 819px\" \/><\/figure>\n\n\n\n<figure class=\"wp-block-image size-large\"><img decoding=\"async\" width=\"819\" height=\"1024\" data-id=\"11094\" src=\"https:\/\/www.abele1757.com\/wp-content\/uploads\/2024\/02\/SAO_restaurant_food-pairing-champagne-819x1024.jpg\" alt=\"\" class=\"wp-image-11094\" srcset=\"https:\/\/www.abele1757.com\/wp-content\/uploads\/2024\/02\/SAO_restaurant_food-pairing-champagne-819x1024.jpg 819w, https:\/\/www.abele1757.com\/wp-content\/uploads\/2024\/02\/SAO_restaurant_food-pairing-champagne-240x300.jpg 240w, https:\/\/www.abele1757.com\/wp-content\/uploads\/2024\/02\/SAO_restaurant_food-pairing-champagne-768x960.jpg 768w, https:\/\/www.abele1757.com\/wp-content\/uploads\/2024\/02\/SAO_restaurant_food-pairing-champagne.jpg 1080w\" sizes=\"(max-width: 819px) 100vw, 819px\" \/><\/figure>\n<\/figure>\n\n\n\n<h2 class=\"wp-block-heading\"><strong>\u00bfPor qu\u00e9 decidiste ser chef?<\/strong><\/h2>\n\n\n\n<p>Ser cocinero es un acto de amor hacia las otras personas que est\u00e1n al otro lado de la cocina, en la sala. Es mostrar una parte de ti a tus clientes, dar toda tu sabidur\u00eda, tu conocimiento, en una forma tan habitual como es comer. Ser chef es el sue\u00f1o de un joven y hoy se ha transformado en un restaurante. Nosotros lo que intentamos transmitir en el restaurante es el cari\u00f1o y el amor hacia una profesi\u00f3n, hacia una manera de entender la vida, que d\u00eda a d\u00eda se plasma en las elaboraciones que realizamos.<\/p>\n\n\n\n<h2 class=\"wp-block-heading\"><strong>\u00bfC\u00f3mo fue que el tiempo y la experiencia de vida influy\u00f3 en tu estilo en la cocina?<\/strong><\/h2>\n\n\n\n<p>Nuestro estilo, como las personas, va evolucionando diariamente; cada d\u00eda que pasa aprendemos cosas nuevas, nunca paramos de aprender. Aunque parezca a la vista que un mismo plato sale igual, seguro que ha evolucionado, hemos aprendido algo nuevo de este plato. Cada d\u00eda se aprenden cosas y la cocina va evolucionando: sus formas, los ingredientes, el sabor, porque como las personas vamos evolucionando, los gustos van evolucionando. Y es as\u00ed como entendemos y realizamos esta profesi\u00f3n. Es una profesi\u00f3n que est\u00e1 totalmente viva.<\/p>\n\n\n\n<h2 class=\"wp-block-heading\"><strong>\u00bfCrees que es importante mantenerse conectado con el pasado, con las tradiciones?<\/strong><\/h2>\n\n\n\n<p>El pasado es la base, es el recuerdo, es la cultura. Nosotros sin pasado no ser\u00edamos nada, ser\u00edamos una hoja en blanco. No hay que olvidar nunca el pasado, pero sin embargo, tambi\u00e9n hay que evolucionar al mismo tiempo para mejorar lo que ya se hac\u00eda en el pasado. La cocina no deja nunca el pasado atr\u00e1s. Cada d\u00eda se hacen recetas que llevan a\u00f1os y a\u00f1os haci\u00e9ndose, como son los caldos, los guisos, que ya los hac\u00edan nuestros antepasados y se siguen haciendo. Si que es verdad que cambian el formato, cambian las formas de comer pero al final el fondo y la base siguen estando ah\u00ed, porque la cocina uno de los mayores placeres es el recuerdo. El recuerdo de un plato que com\u00edas cuando eras ni\u00f1o, cuando eras joven, que cocinaba la abuela. La cocina son recuerdos y eso est\u00e1 en su base, es la cultura.<\/p>\n\n\n\n<figure class=\"wp-block-image size-large\"><img decoding=\"async\" width=\"1024\" height=\"576\" src=\"https:\/\/www.abele1757.com\/wp-content\/uploads\/2024\/02\/Abele_1757_Sao_barcelona_juanen-1-1024x576.jpg\" alt=\"\" class=\"wp-image-11100\" srcset=\"https:\/\/www.abele1757.com\/wp-content\/uploads\/2024\/02\/Abele_1757_Sao_barcelona_juanen-1-1024x576.jpg 1024w, https:\/\/www.abele1757.com\/wp-content\/uploads\/2024\/02\/Abele_1757_Sao_barcelona_juanen-1-300x169.jpg 300w, https:\/\/www.abele1757.com\/wp-content\/uploads\/2024\/02\/Abele_1757_Sao_barcelona_juanen-1-768x432.jpg 768w, https:\/\/www.abele1757.com\/wp-content\/uploads\/2024\/02\/Abele_1757_Sao_barcelona_juanen-1-1536x864.jpg 1536w, https:\/\/www.abele1757.com\/wp-content\/uploads\/2024\/02\/Abele_1757_Sao_barcelona_juanen-1.jpg 1920w\" sizes=\"(max-width: 1024px) 100vw, 1024px\" \/><\/figure>\n\n\n\n<h2 class=\"wp-block-heading\"><strong>\u00bfDe qu\u00e9 forma el tiempo, la madurez, juegan un rol importante en tu trabajo?<\/strong><\/h2>\n\n\n\n<p>La madurez y el saber hacer se van aprendiendo d\u00eda a d\u00eda. Antes hab\u00eda sido jefe de cocina pero como propietario de restaurante es la primera vez, es mi primer restaurante. Entonces es un aprendizaje diario: como cocinero, como jefe de cocina, como empresario, como gestor de un equipo, tanto de sala, como de cocina, como administrativo. La cocina y la empresa van de la mano. Nunca paras de aprender cosas, de rectificar, de mejorar.<\/p>\n\n\n\n<h2 class=\"wp-block-heading\"><strong>\u00bfPuedes contarnos m\u00e1s sobre tu conexi\u00f3n con la gastronom\u00eda francesa?<\/strong><\/h2>\n\n\n\n<p>Yo he tenido la gran oportunidad y el gran placer de trabajar en Francia, en Par\u00eds, 4 a\u00f1os en un restaurante que era propiedad del mejor sommelier del mundo. Entonces mi conexi\u00f3n y mi conocimiento de la gastronom\u00eda francesa comenz\u00f3 ah\u00ed. Conoc\u00ed y entend\u00ed la manera de los franceses de entender la gastronom\u00eda, que es algo que es parte de ellos, es un ritual para ellos la cocina. De ah\u00ed un poco el amor y comprender lo que ellos sienten cuando cocinan. Obviamente he aprendido much\u00edsimo de los franceses, la forma de entender la cocina, de comprender el trabajo del cocinero. Esa influencia francesa se plasma a\u00fan hoy en d\u00eda en nuestros platos.<\/p>\n\n\n\n<figure class=\"wp-block-gallery has-nested-images columns-default is-cropped wp-block-gallery-2 is-layout-flex wp-block-gallery-is-layout-flex\">\n<figure class=\"wp-block-image size-large\"><img loading=\"lazy\" decoding=\"async\" width=\"819\" height=\"1024\" data-id=\"11082\" src=\"https:\/\/www.abele1757.com\/wp-content\/uploads\/2024\/02\/SAO_bdb-table2-819x1024.jpg\" alt=\"\" class=\"wp-image-11082\" srcset=\"https:\/\/www.abele1757.com\/wp-content\/uploads\/2024\/02\/SAO_bdb-table2-819x1024.jpg 819w, https:\/\/www.abele1757.com\/wp-content\/uploads\/2024\/02\/SAO_bdb-table2-240x300.jpg 240w, https:\/\/www.abele1757.com\/wp-content\/uploads\/2024\/02\/SAO_bdb-table2-768x960.jpg 768w, https:\/\/www.abele1757.com\/wp-content\/uploads\/2024\/02\/SAO_bdb-table2.jpg 1080w\" sizes=\"(max-width: 819px) 100vw, 819px\" \/><\/figure>\n\n\n\n<figure class=\"wp-block-image size-large\"><img loading=\"lazy\" decoding=\"async\" width=\"819\" height=\"1024\" data-id=\"11079\" src=\"https:\/\/www.abele1757.com\/wp-content\/uploads\/2024\/02\/SAO_bdb-table1-819x1024.jpg\" alt=\"\" class=\"wp-image-11079\" srcset=\"https:\/\/www.abele1757.com\/wp-content\/uploads\/2024\/02\/SAO_bdb-table1-819x1024.jpg 819w, https:\/\/www.abele1757.com\/wp-content\/uploads\/2024\/02\/SAO_bdb-table1-240x300.jpg 240w, https:\/\/www.abele1757.com\/wp-content\/uploads\/2024\/02\/SAO_bdb-table1-768x960.jpg 768w, https:\/\/www.abele1757.com\/wp-content\/uploads\/2024\/02\/SAO_bdb-table1.jpg 1080w\" sizes=\"(max-width: 819px) 100vw, 819px\" \/><\/figure>\n<\/figure>\n\n\n\n<h2 class=\"wp-block-heading\">Do you have a special memory related to champagne with us?<\/h2>\n\n\n\n<p>Si, cuando conoc\u00ed a Abel\u00e9. Fue en mi primer San Valentin en Paris. Cuando llegu\u00e9 en 2013, celebramos San Valentin con mi mujer yendo a cenar a un restaurante y pedimos una botella de Abel\u00e9 y nos encant\u00f3. Desde entonces conocemos la marca. Hemos estado tambi\u00e9n en la regi\u00f3n de Champagne, hemos visitado las vi\u00f1as. Es un producto excepcional.<\/p>\n\n\n\n<h2 class=\"wp-block-heading\"><strong>\u00bfQu\u00e9 disfrutas de Champagnes Abel\u00e9 1757?<\/strong><\/h2>\n\n\n\n<p>Cuando abres una botella de Abel\u00e9 no solo est\u00e1s abriendo una bebida, est\u00e1s abriendo una parte de una regi\u00f3n, de una manera de hacer las cosas. Son a\u00f1os y a\u00f1os de historia y de evoluci\u00f3n. Abel\u00e9 nos trae elegancia, finura, con sus peque\u00f1\u00edsimas burbujas. Cuando abres una botella de este tipo ya sabes que vas a triunfar. Abel\u00e9 tiene unos productos excepcionales que transmiten elegancia, sencillez y finura. Un sabor y una acidez inigualables.<\/p>\n\n\n\n<figure class=\"wp-block-image size-large\"><img loading=\"lazy\" decoding=\"async\" width=\"1024\" height=\"576\" src=\"https:\/\/www.abele1757.com\/wp-content\/uploads\/2024\/02\/SAO_champagne_banner-2-1024x576.jpg\" alt=\"\" class=\"wp-image-11103\" srcset=\"https:\/\/www.abele1757.com\/wp-content\/uploads\/2024\/02\/SAO_champagne_banner-2-1024x576.jpg 1024w, https:\/\/www.abele1757.com\/wp-content\/uploads\/2024\/02\/SAO_champagne_banner-2-300x169.jpg 300w, https:\/\/www.abele1757.com\/wp-content\/uploads\/2024\/02\/SAO_champagne_banner-2-768x432.jpg 768w, https:\/\/www.abele1757.com\/wp-content\/uploads\/2024\/02\/SAO_champagne_banner-2-1536x864.jpg 1536w, https:\/\/www.abele1757.com\/wp-content\/uploads\/2024\/02\/SAO_champagne_banner-2.jpg 1920w\" sizes=\"(max-width: 1024px) 100vw, 1024px\" \/><\/figure>\n\n\n\n<h2 class=\"wp-block-heading\"><strong>\u00bfC\u00f3mo se une Abel\u00e9 1757 champagnes con tu estilo en la cocina? \u00bfQu\u00e9 plato lucir\u00edas m\u00e1s con nuestros champagnes?<\/strong><\/h2>\n\n\n\n<p>El champagne es una bebida que marida pr\u00e1cticamente con todo. Es una bebida tan elegante, tan fina, tan sublime que pr\u00e1cticamente se puede tomar en cualquier etapa de la comida, de nuestro men\u00fa degustaci\u00f3n que tiene varias etapas. El champagne es el mejor acompa\u00f1ante para la comida porque nunca sobrepasar\u00e1 a la comida, siempre nos acompa\u00f1ar\u00e1 perfectamente porque nunca se sobrepone a la comida, nos acompa\u00f1a gracias a su acidez, nos ayuda a digerir alimentos, gracias a su peque\u00f1a burbuja, no nos va a llenar. El caviar es el producto por excelencia que va asociado al champagne y siempre marida super bien sobre todo con los productos del mar. El champagne es el acompa\u00f1ante perfecto para una gran comida.<\/p>\n\n\n\n<h2 class=\"wp-block-heading\"><strong>Describe Champagne Abel\u00e9 1757 in 3 words \/ Describe Champagne Abel\u00e9 1757 en 3 palabras.<\/strong><\/h2>\n\n\n\n<p>Champagne Abel\u00e9 1757 es tradici\u00f3n, es elegancia y es evoluci\u00f3n, todo en una misma botella.<\/p>\n","protected":false},"excerpt":{"rendered":"<p>Rumbo a Espa\u00f1a y la vibrante Barcelona, donde se puede explorar una cocina excepcional con notables influencias francesas: el restaurante SAO. Su chef, Juanen Benavent, luego de a\u00f1os de formaci\u00f3n en distinguidos restaurantes gastron\u00f3micos, incluyendo cuatro a\u00f1os en Francia, en Par\u00eds, ha decidido plasmar su creatividad en su propio establecimiento. Lo consigue con maestr\u00eda en [&hellip;]<\/p>\n","protected":false},"author":8,"featured_media":11076,"comment_status":"closed","ping_status":"closed","sticky":false,"template":"","format":"standard","meta":{"footnotes":""},"categories":[57],"tags":[],"class_list":["post-11075","post","type-post","status-publish","format-standard","has-post-thumbnail","hentry","category-gastronomia"],"yoast_head":"<!-- This site is optimized with the Yoast SEO plugin v26.8 - https:\/\/yoast.com\/product\/yoast-seo-wordpress\/ -->\n<title>Deleites Culinarios en Barcelona con el Chef Juanen Benavent - Champagne Abel\u00e9 1757<\/title>\n<meta name=\"robots\" content=\"index, follow, max-snippet:-1, max-image-preview:large, max-video-preview:-1\" \/>\n<link rel=\"canonical\" href=\"https:\/\/www.abele1757.com\/es\/journal\/gastronomia\/encuentro-en-barcelona-con-el-chef-juanen-benavent\/\" \/>\n<meta property=\"og:locale\" content=\"es_ES\" \/>\n<meta property=\"og:type\" content=\"article\" \/>\n<meta property=\"og:title\" content=\"Deleites Culinarios en Barcelona con el Chef Juanen Benavent - Champagne Abel\u00e9 1757\" \/>\n<meta property=\"og:description\" content=\"Rumbo a Espa\u00f1a y la vibrante Barcelona, donde se puede explorar una cocina excepcional con notables influencias francesas: el restaurante SAO. Su chef, Juanen Benavent, luego de a\u00f1os de formaci\u00f3n en distinguidos restaurantes gastron\u00f3micos, incluyendo cuatro a\u00f1os en Francia, en Par\u00eds, ha decidido plasmar su creatividad en su propio establecimiento. Lo consigue con maestr\u00eda en [&hellip;]\" \/>\n<meta property=\"og:url\" content=\"https:\/\/www.abele1757.com\/es\/journal\/gastronomia\/encuentro-en-barcelona-con-el-chef-juanen-benavent\/\" \/>\n<meta property=\"og:site_name\" content=\"Champagne Abel\u00e9 1757\" \/>\n<meta property=\"article:publisher\" content=\"https:\/\/www.facebook.com\/Abele1757\" \/>\n<meta property=\"article:published_time\" content=\"2024-02-13T09:00:00+00:00\" \/>\n<meta property=\"og:image\" content=\"https:\/\/www.abele1757.com\/wp-content\/uploads\/2024\/02\/SAO_restaurant_header.jpg\" \/>\n\t<meta property=\"og:image:width\" content=\"1778\" \/>\n\t<meta property=\"og:image:height\" content=\"1080\" \/>\n\t<meta property=\"og:image:type\" content=\"image\/jpeg\" \/>\n<meta name=\"author\" content=\"Laur\u00e8ne Fraysse\" \/>\n<meta name=\"twitter:card\" content=\"summary_large_image\" \/>\n<meta name=\"twitter:label1\" content=\"Escrito por\" \/>\n\t<meta name=\"twitter:data1\" content=\"Laur\u00e8ne Fraysse\" \/>\n\t<meta name=\"twitter:label2\" content=\"Tiempo de lectura\" \/>\n\t<meta name=\"twitter:data2\" content=\"7 minutos\" \/>\n<script type=\"application\/ld+json\" class=\"yoast-schema-graph\">{\"@context\":\"https:\/\/schema.org\",\"@graph\":[{\"@type\":\"Article\",\"@id\":\"https:\/\/www.abele1757.com\/es\/journal\/gastronomia\/encuentro-en-barcelona-con-el-chef-juanen-benavent\/#article\",\"isPartOf\":{\"@id\":\"https:\/\/www.abele1757.com\/es\/journal\/gastronomia\/encuentro-en-barcelona-con-el-chef-juanen-benavent\/\"},\"author\":{\"name\":\"Laur\u00e8ne Fraysse\",\"@id\":\"https:\/\/www.abele1757.com\/es\/#\/schema\/person\/1cdae50ffe3a895b4b18e62e071d76fb\"},\"headline\":\"Deleites Culinarios en Barcelona con el Chef Juanen Benavent\",\"datePublished\":\"2024-02-13T09:00:00+00:00\",\"mainEntityOfPage\":{\"@id\":\"https:\/\/www.abele1757.com\/es\/journal\/gastronomia\/encuentro-en-barcelona-con-el-chef-juanen-benavent\/\"},\"wordCount\":1017,\"image\":{\"@id\":\"https:\/\/www.abele1757.com\/es\/journal\/gastronomia\/encuentro-en-barcelona-con-el-chef-juanen-benavent\/#primaryimage\"},\"thumbnailUrl\":\"https:\/\/www.abele1757.com\/wp-content\/uploads\/2024\/02\/SAO_restaurant_header.jpg\",\"articleSection\":[\"Gastronom\u00eda\"],\"inLanguage\":\"es\"},{\"@type\":\"WebPage\",\"@id\":\"https:\/\/www.abele1757.com\/es\/journal\/gastronomia\/encuentro-en-barcelona-con-el-chef-juanen-benavent\/\",\"url\":\"https:\/\/www.abele1757.com\/es\/journal\/gastronomia\/encuentro-en-barcelona-con-el-chef-juanen-benavent\/\",\"name\":\"Deleites Culinarios en Barcelona con el Chef Juanen Benavent - Champagne Abel\u00e9 1757\",\"isPartOf\":{\"@id\":\"https:\/\/www.abele1757.com\/es\/#website\"},\"primaryImageOfPage\":{\"@id\":\"https:\/\/www.abele1757.com\/es\/journal\/gastronomia\/encuentro-en-barcelona-con-el-chef-juanen-benavent\/#primaryimage\"},\"image\":{\"@id\":\"https:\/\/www.abele1757.com\/es\/journal\/gastronomia\/encuentro-en-barcelona-con-el-chef-juanen-benavent\/#primaryimage\"},\"thumbnailUrl\":\"https:\/\/www.abele1757.com\/wp-content\/uploads\/2024\/02\/SAO_restaurant_header.jpg\",\"datePublished\":\"2024-02-13T09:00:00+00:00\",\"author\":{\"@id\":\"https:\/\/www.abele1757.com\/es\/#\/schema\/person\/1cdae50ffe3a895b4b18e62e071d76fb\"},\"breadcrumb\":{\"@id\":\"https:\/\/www.abele1757.com\/es\/journal\/gastronomia\/encuentro-en-barcelona-con-el-chef-juanen-benavent\/#breadcrumb\"},\"inLanguage\":\"es\",\"potentialAction\":[{\"@type\":\"ReadAction\",\"target\":[\"https:\/\/www.abele1757.com\/es\/journal\/gastronomia\/encuentro-en-barcelona-con-el-chef-juanen-benavent\/\"]}]},{\"@type\":\"ImageObject\",\"inLanguage\":\"es\",\"@id\":\"https:\/\/www.abele1757.com\/es\/journal\/gastronomia\/encuentro-en-barcelona-con-el-chef-juanen-benavent\/#primaryimage\",\"url\":\"https:\/\/www.abele1757.com\/wp-content\/uploads\/2024\/02\/SAO_restaurant_header.jpg\",\"contentUrl\":\"https:\/\/www.abele1757.com\/wp-content\/uploads\/2024\/02\/SAO_restaurant_header.jpg\",\"width\":1778,\"height\":1080,\"caption\":\"chef juanen benavent\"},{\"@type\":\"BreadcrumbList\",\"@id\":\"https:\/\/www.abele1757.com\/es\/journal\/gastronomia\/encuentro-en-barcelona-con-el-chef-juanen-benavent\/#breadcrumb\",\"itemListElement\":[{\"@type\":\"ListItem\",\"position\":1,\"name\":\"Accueil\",\"item\":\"https:\/\/www.abele1757.com\/es\/\"},{\"@type\":\"ListItem\",\"position\":2,\"name\":\"Deleites Culinarios en Barcelona con el Chef Juanen Benavent\"}]},{\"@type\":\"WebSite\",\"@id\":\"https:\/\/www.abele1757.com\/es\/#website\",\"url\":\"https:\/\/www.abele1757.com\/es\/\",\"name\":\"Champagne Abel\u00e9 1757\",\"description\":\"Prendre le temps\",\"potentialAction\":[{\"@type\":\"SearchAction\",\"target\":{\"@type\":\"EntryPoint\",\"urlTemplate\":\"https:\/\/www.abele1757.com\/es\/?s={search_term_string}\"},\"query-input\":{\"@type\":\"PropertyValueSpecification\",\"valueRequired\":true,\"valueName\":\"search_term_string\"}}],\"inLanguage\":\"es\"},{\"@type\":\"Person\",\"@id\":\"https:\/\/www.abele1757.com\/es\/#\/schema\/person\/1cdae50ffe3a895b4b18e62e071d76fb\",\"name\":\"Laur\u00e8ne Fraysse\",\"image\":{\"@type\":\"ImageObject\",\"inLanguage\":\"es\",\"@id\":\"https:\/\/www.abele1757.com\/es\/#\/schema\/person\/image\/\",\"url\":\"https:\/\/secure.gravatar.com\/avatar\/70bc35e18f900bbd66a53d45f8a52aebbd7bb77310f961ab2551538769602b9d?s=96&d=mm&r=g\",\"contentUrl\":\"https:\/\/secure.gravatar.com\/avatar\/70bc35e18f900bbd66a53d45f8a52aebbd7bb77310f961ab2551538769602b9d?s=96&d=mm&r=g\",\"caption\":\"Laur\u00e8ne Fraysse\"},\"url\":\"https:\/\/www.abele1757.com\/es\/\"}]}<\/script>\n<!-- \/ Yoast SEO plugin. -->","yoast_head_json":{"title":"Deleites Culinarios en Barcelona con el Chef Juanen Benavent - Champagne Abel\u00e9 1757","robots":{"index":"index","follow":"follow","max-snippet":"max-snippet:-1","max-image-preview":"max-image-preview:large","max-video-preview":"max-video-preview:-1"},"canonical":"https:\/\/www.abele1757.com\/es\/journal\/gastronomia\/encuentro-en-barcelona-con-el-chef-juanen-benavent\/","og_locale":"es_ES","og_type":"article","og_title":"Deleites Culinarios en Barcelona con el Chef Juanen Benavent - Champagne Abel\u00e9 1757","og_description":"Rumbo a Espa\u00f1a y la vibrante Barcelona, donde se puede explorar una cocina excepcional con notables influencias francesas: el restaurante SAO. Su chef, Juanen Benavent, luego de a\u00f1os de formaci\u00f3n en distinguidos restaurantes gastron\u00f3micos, incluyendo cuatro a\u00f1os en Francia, en Par\u00eds, ha decidido plasmar su creatividad en su propio establecimiento. Lo consigue con maestr\u00eda en [&hellip;]","og_url":"https:\/\/www.abele1757.com\/es\/journal\/gastronomia\/encuentro-en-barcelona-con-el-chef-juanen-benavent\/","og_site_name":"Champagne Abel\u00e9 1757","article_publisher":"https:\/\/www.facebook.com\/Abele1757","article_published_time":"2024-02-13T09:00:00+00:00","og_image":[{"width":1778,"height":1080,"url":"https:\/\/www.abele1757.com\/wp-content\/uploads\/2024\/02\/SAO_restaurant_header.jpg","type":"image\/jpeg"}],"author":"Laur\u00e8ne Fraysse","twitter_card":"summary_large_image","twitter_misc":{"Escrito por":"Laur\u00e8ne Fraysse","Tiempo de lectura":"7 minutos"},"schema":{"@context":"https:\/\/schema.org","@graph":[{"@type":"Article","@id":"https:\/\/www.abele1757.com\/es\/journal\/gastronomia\/encuentro-en-barcelona-con-el-chef-juanen-benavent\/#article","isPartOf":{"@id":"https:\/\/www.abele1757.com\/es\/journal\/gastronomia\/encuentro-en-barcelona-con-el-chef-juanen-benavent\/"},"author":{"name":"Laur\u00e8ne Fraysse","@id":"https:\/\/www.abele1757.com\/es\/#\/schema\/person\/1cdae50ffe3a895b4b18e62e071d76fb"},"headline":"Deleites Culinarios en Barcelona con el Chef Juanen Benavent","datePublished":"2024-02-13T09:00:00+00:00","mainEntityOfPage":{"@id":"https:\/\/www.abele1757.com\/es\/journal\/gastronomia\/encuentro-en-barcelona-con-el-chef-juanen-benavent\/"},"wordCount":1017,"image":{"@id":"https:\/\/www.abele1757.com\/es\/journal\/gastronomia\/encuentro-en-barcelona-con-el-chef-juanen-benavent\/#primaryimage"},"thumbnailUrl":"https:\/\/www.abele1757.com\/wp-content\/uploads\/2024\/02\/SAO_restaurant_header.jpg","articleSection":["Gastronom\u00eda"],"inLanguage":"es"},{"@type":"WebPage","@id":"https:\/\/www.abele1757.com\/es\/journal\/gastronomia\/encuentro-en-barcelona-con-el-chef-juanen-benavent\/","url":"https:\/\/www.abele1757.com\/es\/journal\/gastronomia\/encuentro-en-barcelona-con-el-chef-juanen-benavent\/","name":"Deleites Culinarios en Barcelona con el Chef Juanen Benavent - Champagne Abel\u00e9 1757","isPartOf":{"@id":"https:\/\/www.abele1757.com\/es\/#website"},"primaryImageOfPage":{"@id":"https:\/\/www.abele1757.com\/es\/journal\/gastronomia\/encuentro-en-barcelona-con-el-chef-juanen-benavent\/#primaryimage"},"image":{"@id":"https:\/\/www.abele1757.com\/es\/journal\/gastronomia\/encuentro-en-barcelona-con-el-chef-juanen-benavent\/#primaryimage"},"thumbnailUrl":"https:\/\/www.abele1757.com\/wp-content\/uploads\/2024\/02\/SAO_restaurant_header.jpg","datePublished":"2024-02-13T09:00:00+00:00","author":{"@id":"https:\/\/www.abele1757.com\/es\/#\/schema\/person\/1cdae50ffe3a895b4b18e62e071d76fb"},"breadcrumb":{"@id":"https:\/\/www.abele1757.com\/es\/journal\/gastronomia\/encuentro-en-barcelona-con-el-chef-juanen-benavent\/#breadcrumb"},"inLanguage":"es","potentialAction":[{"@type":"ReadAction","target":["https:\/\/www.abele1757.com\/es\/journal\/gastronomia\/encuentro-en-barcelona-con-el-chef-juanen-benavent\/"]}]},{"@type":"ImageObject","inLanguage":"es","@id":"https:\/\/www.abele1757.com\/es\/journal\/gastronomia\/encuentro-en-barcelona-con-el-chef-juanen-benavent\/#primaryimage","url":"https:\/\/www.abele1757.com\/wp-content\/uploads\/2024\/02\/SAO_restaurant_header.jpg","contentUrl":"https:\/\/www.abele1757.com\/wp-content\/uploads\/2024\/02\/SAO_restaurant_header.jpg","width":1778,"height":1080,"caption":"chef juanen benavent"},{"@type":"BreadcrumbList","@id":"https:\/\/www.abele1757.com\/es\/journal\/gastronomia\/encuentro-en-barcelona-con-el-chef-juanen-benavent\/#breadcrumb","itemListElement":[{"@type":"ListItem","position":1,"name":"Accueil","item":"https:\/\/www.abele1757.com\/es\/"},{"@type":"ListItem","position":2,"name":"Deleites Culinarios en Barcelona con el Chef Juanen Benavent"}]},{"@type":"WebSite","@id":"https:\/\/www.abele1757.com\/es\/#website","url":"https:\/\/www.abele1757.com\/es\/","name":"Champagne Abel\u00e9 1757","description":"Prendre le temps","potentialAction":[{"@type":"SearchAction","target":{"@type":"EntryPoint","urlTemplate":"https:\/\/www.abele1757.com\/es\/?s={search_term_string}"},"query-input":{"@type":"PropertyValueSpecification","valueRequired":true,"valueName":"search_term_string"}}],"inLanguage":"es"},{"@type":"Person","@id":"https:\/\/www.abele1757.com\/es\/#\/schema\/person\/1cdae50ffe3a895b4b18e62e071d76fb","name":"Laur\u00e8ne Fraysse","image":{"@type":"ImageObject","inLanguage":"es","@id":"https:\/\/www.abele1757.com\/es\/#\/schema\/person\/image\/","url":"https:\/\/secure.gravatar.com\/avatar\/70bc35e18f900bbd66a53d45f8a52aebbd7bb77310f961ab2551538769602b9d?s=96&d=mm&r=g","contentUrl":"https:\/\/secure.gravatar.com\/avatar\/70bc35e18f900bbd66a53d45f8a52aebbd7bb77310f961ab2551538769602b9d?s=96&d=mm&r=g","caption":"Laur\u00e8ne Fraysse"},"url":"https:\/\/www.abele1757.com\/es\/"}]}},"_links":{"self":[{"href":"https:\/\/www.abele1757.com\/es\/wp-json\/wp\/v2\/posts\/11075","targetHints":{"allow":["GET"]}}],"collection":[{"href":"https:\/\/www.abele1757.com\/es\/wp-json\/wp\/v2\/posts"}],"about":[{"href":"https:\/\/www.abele1757.com\/es\/wp-json\/wp\/v2\/types\/post"}],"author":[{"embeddable":true,"href":"https:\/\/www.abele1757.com\/es\/wp-json\/wp\/v2\/users\/8"}],"replies":[{"embeddable":true,"href":"https:\/\/www.abele1757.com\/es\/wp-json\/wp\/v2\/comments?post=11075"}],"version-history":[{"count":3,"href":"https:\/\/www.abele1757.com\/es\/wp-json\/wp\/v2\/posts\/11075\/revisions"}],"predecessor-version":[{"id":11113,"href":"https:\/\/www.abele1757.com\/es\/wp-json\/wp\/v2\/posts\/11075\/revisions\/11113"}],"wp:featuredmedia":[{"embeddable":true,"href":"https:\/\/www.abele1757.com\/es\/wp-json\/wp\/v2\/media\/11076"}],"wp:attachment":[{"href":"https:\/\/www.abele1757.com\/es\/wp-json\/wp\/v2\/media?parent=11075"}],"wp:term":[{"taxonomy":"category","embeddable":true,"href":"https:\/\/www.abele1757.com\/es\/wp-json\/wp\/v2\/categories?post=11075"},{"taxonomy":"post_tag","embeddable":true,"href":"https:\/\/www.abele1757.com\/es\/wp-json\/wp\/v2\/tags?post=11075"}],"curies":[{"name":"wp","href":"https:\/\/api.w.org\/{rel}","templated":true}]}}