{"id":10412,"date":"2023-02-13T17:42:12","date_gmt":"2023-02-13T15:42:12","guid":{"rendered":"https:\/\/www.abele1757.com\/journal\/sin-categorizar\/ciel-de-paris-encuentro-gastronomico-en-la-cumbre-de-la-capital\/"},"modified":"2023-02-13T17:42:17","modified_gmt":"2023-02-13T15:42:17","slug":"ciel-de-paris-encuentro-gastronomico-en-la-cumbre-de-la-capital","status":"publish","type":"post","link":"https:\/\/www.abele1757.com\/es\/journal\/gastronomia\/ciel-de-paris-encuentro-gastronomico-en-la-cumbre-de-la-capital\/","title":{"rendered":"Ciel de Paris, encuentro gastron\u00f3mico en la cumbre de la capital."},"content":{"rendered":"\n<p class=\"has-text-align-center has-black-color has-text-color\"><strong>Ubicado a una altitud de m\u00e1s de 210 metros, el <a href=\"https:\/\/www.cieldeparis.com\/\" target=\"_blank\" rel=\"noreferrer noopener\">Ciel de Paris<\/a> es el lugar ineludible para disfrutar de una vista impresionante de la capital y su emblem\u00e1tica Torre Eiffel. Considerado durante mucho tiempo el restaurante m\u00e1s alto de Francia y Europa, este establecimiento de dise\u00f1o ofrece los grandes cl\u00e1sicos de la cocina francesa en su men\u00fa a los amantes de la gastronom\u00eda de todo el mundo. El director, Antoine Marillier y el Chef Christophe Marchais, nos acompa\u00f1an al piso 56 de la Torre Montparnasse para una entrevista cruzada sobre este lugar emblem\u00e1tico.<\/strong><\/p>\n\n<div class=\"wp-block-image\"><figure class=\"aligncenter size-full\"><img decoding=\"async\" src=\"https:\/\/www.abele1757.com\/wp-content\/uploads\/2023\/02\/1-ciel-paris-abele1757-&#xAE;agencediscovery-2.jpg\" alt=\"\" class=\"wp-image-10377\"\/><figcaption> El director, Antoine Marillier y el Chef Christophe Marchais <\/figcaption><\/figure><\/div>\n\n<h2 class=\"wp-block-heading\">\u00bfPueden presentarse y explicarnos c\u00f3mo funciona su d\u00fao?<\/h2>\n\n<p><em>Christophe Marchais<\/em> : Como Chef, mi funci\u00f3n es administrar las cocinas del restaurante Ciel de Paris. Mis responsabilidades son muy variadas y van desde la creaci\u00f3n de la carta, hasta la gesti\u00f3n de stocks y entregas, pasando por la direcci\u00f3n del equipo&#8230; Antoine Marillier, el director del establecimiento, supervisa todos los servicios. Gracias a la s\u00f3lida colaboraci\u00f3n que hemos establecido, cada uno tiene un papel espec\u00edfico, tanto en sala como en la cocina.<br\/><br\/><em>Antoine Marillier<\/em> : Por mi parte, tengo la oportunidad de colaborar con un gran profesional. Desde que me un\u00ed al equipo, se estableci\u00f3 entre nosotros una relaci\u00f3n de colaboraci\u00f3n, confianza e intercambio. Su antig\u00fcedad en Ciel de Paris permite a Christophe Marchais conocer profundamente a la clientela y sus expectativas. Bas\u00e1ndonos en su opini\u00f3n, la de los clientes, y seg\u00fan la estacionalidad, adaptamos juntos la estrategia de la casa.<\/p>\n\n<h2 class=\"wp-block-heading\">\u00bfC\u00f3mo empez\u00f3 su carrera profesional?<\/h2>\n\n<p class=\"has-black-color has-text-color\"><em>Christophe Marchais<\/em> : Mi trayectoria en la cocina comenz\u00f3 en 1989, cuando empec\u00e9 a formarme en mi Charente natal. Antes de venir a perfeccionar mis habilidades en Par\u00eds, tuve la oportunidad de aprender junto a uno de los mejores chefs de su tiempo, mi mentor Jean-Marie Meulien <em>(Nota del editor: Chef con dos estrellas Michelin en el restaurante Clos Longchamp de Par\u00eds).<\/em><br\/><br\/>Despu\u00e9s de esta experiencia, continu\u00e9 mi formaci\u00f3n en Francia y en el extranjero. Primero en Par\u00eds con <a href=\"https:\/\/www.restaurantsparisiens.com\/la-grande-cascade\/\" target=\"_blank\" rel=\"noreferrer noopener\">el restaurante La Grande Cascade en Par\u00eds<\/a>, en el <a href=\"https:\/\/www.montecarlosbm.com\/fr\/restaurant-monaco\/le-louis-xv-alain-ducasse-hotel-de-paris\" target=\"_blank\" rel=\"noreferrer noopener\">Louis XV<\/a> junto a Alain Ducasse en M\u00f3naco, en el <a href=\"https:\/\/book.ennismore.com\/hotels\/originals\/sanderson\/dining\/the-restaurant?utm_source=google-gmb&amp;utm_medium=organic&amp;utm_campaign=gmb\" target=\"_blank\" rel=\"noreferrer noopener\">Spoon at Sanderson<\/a> en Londres y finalmente en el Midi South of France en Nueva Orleans.<\/p>\n\n<div class=\"wp-block-image\"><figure class=\"aligncenter size-full\"><img decoding=\"async\" src=\"https:\/\/www.abele1757.com\/wp-content\/uploads\/2023\/02\/4-ciel-paris-abele1757-&#xAE;agencediscovery.jpg\" alt=\"\" class=\"wp-image-10374\"\/><\/figure><\/div>\n\n<h2 class=\"wp-block-heading\">\u00bfCu\u00e1l es su firma en la cocina?<\/h2>\n\n<p><em>Christophe Marchais<\/em> : Mi carta evoluciona mucho con las estaciones. Verduras, pescados y carnes var\u00edan seg\u00fan los suministros por lo que podemos ofrecer productos muy frescos todos los d\u00edas. Actualmente, la temporada de vieiras se encuentra en pleno apogeo y estamos tratando de revisitar este gran cl\u00e1sico con mi equipo. Sin embargo, es cierto que debo admitir que mi cocina est\u00e1 fuertemente influenciada por el pescado y las especias.<br\/><br\/>Para proponer un concepto de cocina francesa moderna, busco inspiraci\u00f3n en cualquier lugar, ya sea en colegas o restaurantes de la capital, en revistas o libros de cocina, o durante nuestra reuni\u00f3n diaria con los equipos.<br\/><br\/>Mis proveedores tambi\u00e9n me ayudan en este prop\u00f3sito. Nos van ofreciendo regularmente productos nuevos, locales y, una vez m\u00e1s, de temporada. Como Chef, es importante observar las tendencias y conseguir hac\u00e9rnoslas nuestras.<\/p>\n\n<h2 class=\"wp-block-heading\">\u00bfC\u00f3mo crear el maridaje adecuado con un champagne Abel\u00e9 1757?<\/h2>\n\n<p><em>Christophe Marchais<\/em> : El primer paso es probar el champagne para comprender completamente su perfil arom\u00e1tico. En funci\u00f3n de los aromas y su equilibrio, ofrecemos varios maridajes que combinar\u00e1n a la perfecci\u00f3n con la cuv\u00e9e. Nuestro objetivo es ante todo respetar los productos sin que uno u otro destaque por encima.<\/p>\n\n<p class=\"has-black-color has-text-color\">No existe el maridaje perfecto. Todo es cuesti\u00f3n de gustos, aunque algunos prefieren acompa\u00f1ar el champagne con una nota dulce. Personalmente, me gusta maridar una cuv\u00e9e <a href=\"https:\/\/www.abele1757.com\/es\/cuvees\/blanc-de-blancs\/\">Blanc de Blancs Abel\u00e9 1757<\/a> con pescado blanco o caviar.<\/p>\n\n<figure class=\"wp-block-gallery columns-2 is-cropped wp-block-gallery-1 is-layout-flex wp-block-gallery-is-layout-flex\"><ul class=\"blocks-gallery-grid\"><li class=\"blocks-gallery-item\"><figure><img decoding=\"async\" src=\"https:\/\/www.abele1757.com\/wp-content\/uploads\/2023\/02\/3-ciel-paris-abele1757-&#xAE;agencediscovery.jpg\" alt=\"\" data-id=\"10380\" class=\"wp-image-10380\"\/><\/figure><\/li><li class=\"blocks-gallery-item\"><figure><img decoding=\"async\" src=\"https:\/\/www.abele1757.com\/wp-content\/uploads\/2023\/02\/6-ciel-paris-abele1757&#x252C;&#xAE;agencediscovery.jpg\" alt=\"\" data-id=\"10383\" data-full-url=\"https:\/\/www.abele1757.com\/wp-content\/uploads\/2023\/02\/6-ciel-paris-abele1757&#x252C;&#xAE;agencediscovery.jpg\" data-link=\"https:\/\/www.abele1757.com\/?attachment_id=10383\" class=\"wp-image-10383\"\/><\/figure><\/li><\/ul><\/figure>\n<h2 class=\"wp-block-heading\">\u00bfCu\u00e1l ha sido su trayectoria antes de llegar a la cabeza del Ciel de Paris?<\/h2>\n\n<p class=\"has-black-color has-text-color\"><em>Antoine Marillier<\/em> : Mi llegada a la cabeza de Ciel de Paris es bastante casual. Tras una formaci\u00f3n inicial en una escuela de hosteler\u00eda, pas\u00e9 casi veinticinco a\u00f1os en diferentes establecimientos de Francia. Una enriquecedora experiencia que me permiti\u00f3 descubrir mundos diferentes, expectativas diferentes&#8230;<br\/><br\/>Hace unos a\u00f1os, quise seguir desarrollando mi carrera y empec\u00e9 a estudiar en una escuela de administraci\u00f3n en Par\u00eds. M\u00e1s all\u00e1 del deseo de crecer profesionalmente, quer\u00eda descubrir c\u00f3mo dirigir mejor a mis equipos. Fue entonces cuando me ofrecieron unirme al Ciel de Paris como parte de su transformaci\u00f3n. <a href=\"https:\/\/mairie15.paris.fr\/pages\/reamenagement-du-site-maine-montparnasse-21865\" target=\"_blank\" rel=\"noreferrer noopener\">Un proyecto de rehabilitaci\u00f3n<\/a> que har\u00e1 evolucionar por completo nuestro establecimiento en los pr\u00f3ximos a\u00f1os.<\/p>\n\n<figure class=\"wp-block-gallery columns-2 is-cropped wp-block-gallery-2 is-layout-flex wp-block-gallery-is-layout-flex\"><ul class=\"blocks-gallery-grid\"><li class=\"blocks-gallery-item\"><figure><img decoding=\"async\" src=\"https:\/\/www.abele1757.com\/wp-content\/uploads\/2023\/02\/8-ciel-paris-abele1757-&#xAE;agencediscovery.jpg\" alt=\"\" data-id=\"10386\" class=\"wp-image-10386\"\/><\/figure><\/li><li class=\"blocks-gallery-item\"><figure><img decoding=\"async\" src=\"https:\/\/www.abele1757.com\/wp-content\/uploads\/2023\/02\/2-ciel-paris-abele1757-&#xAE;agencediscovery-1.jpg\" alt=\"\" data-id=\"10389\" data-full-url=\"https:\/\/www.abele1757.com\/wp-content\/uploads\/2023\/02\/2-ciel-paris-abele1757-&#xAE;agencediscovery-1.jpg\" data-link=\"https:\/\/www.abele1757.com\/?attachment_id=10389\" class=\"wp-image-10389\"\/><\/figure><\/li><\/ul><\/figure>\n<h2 class=\"wp-block-heading\">\u00bfQu\u00e9 experiencia ofrece a los clientes de Ciel de Paris?<\/h2>\n\n<p><em>Antoine Marillier<\/em> : Sin dudarlo: unas vistas que dejan sin aliento. Casi todos nuestros clientes nos piden que les reservemos una mesa cerca de los ventanales para poder ver Par\u00eds desde el piso 56. A 210 metros de altitud, gozamos de una vista completa de la Capital y todos los monumentos parecen parte de una maqueta para ni\u00f1os. D\u00eda y noche, la Torre Eiffel se eleva majestuosamente para que todos nuestros clientes tengan la sensaci\u00f3n de poder tocarla con la punta de los dedos.<br\/><br\/>Es importante precisar que el Ciel de Paris es una experiencia accesible a todos. No tenemos intenci\u00f3n alguna de convertirnos en un establecimiento elitista o inaccesible. Por sus vistas, su entorno y su cocina, el Ciel de Paris es un lugar perfecto para cualquier momento del d\u00eda. Como un metr\u00f3nomo, el tiempo es el que marca la vida en nuestro establecimiento. Por la ma\u00f1ana, la tranquilidad reina en el ambiente. Es la ocasi\u00f3n perfecta para tomarse un tiempo para desayunar con calma frente a la Torre Eiffel.<br\/><br\/>A la hora de comer, recibimos a clientes que viajan por turismo o por negocios. Por la noche, gozamos de un ambiente festivo donde se mezclan diferentes p\u00fablicos. Algunos vienen a declarar su amor mientras otros vienen a celebrar un \u00e9xito. Al caer la noche, los m\u00e1s fiesteros aprovechan nuestro establecimiento para empezar su velada.<\/p>\n\n<h2 class=\"wp-block-heading\">\u00bfPor qu\u00e9 dedicaron el bar al champagne?<\/h2>\n\n<p><em>Antoine Marillier<\/em> : El dise\u00f1ador e interiorista No\u00e9 Duchaufour-Lawrance, art\u00edfice de la reforma del establecimiento, opt\u00f3 por colocar espejos en forma de c\u00edrculo en todo el techo. M\u00e1s all\u00e1 de la dimensi\u00f3n est\u00e9tica, la referencia a la efervescencia y las burbujas es innegable. Parec\u00eda obvio que el champagne, un producto franc\u00e9s noble y festivo, deb\u00eda ocupar un lugar privilegiado en el establecimiento m\u00e1s alto de Par\u00eds y de Europa. <br\/><br\/>Conseguir ensalzar, compartir y presentar a nuestros clientes franceses e internacionales un producto que, como nuestra cocina, requiere mucho trabajo de preparaci\u00f3n\u2026 es realmente un placer para nosotros. Se trata de transmitir lo mejor de los productos en un momento inolvidable para nuestros clientes.<\/p>\n\n<figure class=\"wp-block-gallery columns-2 is-cropped wp-block-gallery-3 is-layout-flex wp-block-gallery-is-layout-flex\"><ul class=\"blocks-gallery-grid\"><li class=\"blocks-gallery-item\"><figure><img decoding=\"async\" src=\"https:\/\/www.abele1757.com\/wp-content\/uploads\/2023\/02\/9-ciel-paris-abele1757-&#xAE;agencediscovery.jpg\" alt=\"\" data-id=\"10392\" class=\"wp-image-10392\"\/><\/figure><\/li><li class=\"blocks-gallery-item\"><figure><img decoding=\"async\" src=\"https:\/\/www.abele1757.com\/wp-content\/uploads\/2023\/02\/7-ciel-paris-abele1757-&#xAE;agencediscovery.jpg\" alt=\"\" data-id=\"10395\" data-full-url=\"https:\/\/www.abele1757.com\/wp-content\/uploads\/2023\/02\/7-ciel-paris-abele1757-&#xAE;agencediscovery.jpg\" data-link=\"https:\/\/www.abele1757.com\/?attachment_id=10395\" class=\"wp-image-10395\"\/><\/figure><\/li><\/ul><\/figure>\n<h2 class=\"wp-block-heading\">\u00bfQu\u00e9 cualidades le gustaron de Maison Abel\u00e9 1757?<\/h2>\n\n<p class=\"has-black-color has-text-color\"><em>Antoine Marillier<\/em> : Abel\u00e9 1757 nos conquist\u00f3 por la dimensi\u00f3n y la pasi\u00f3n que mueve esta Maison. Es importante comunicar a las personas con las que trabajamos la raz\u00f3n que nos llev\u00f3 a elegirlos. Cuando interactuamos por primera vez con los representantes de una gran Maison prestamos mucha atenci\u00f3n a los peque\u00f1os detalles: lo que desprende, la historia que nos cuenta\u2026 Todo eso es importante.<br\/><br\/>Luego, el embajador de <a href=\"https:\/\/www.abele1757.com\/es\/\">Champagne Abel\u00e9 1757<\/a> nos present\u00f3 a personas clave como \u00c9tienne Eteneau, maestro bodeguero de la Maison. Una personalidad que fue para m\u00ed el detonante de nuestra actual colaboraci\u00f3n. Una persona que, por su sencillez, su amor y su conocimiento del producto, supo despertar en m\u00ed las ganas de trabajar juntos. Champagne Abel\u00e9 1757 tiene c\u00f3digos y valores que, a mi parecer, son \u00fanicos. Esta es, entre otras cosas, una de las razones por las que disfruto trabajar y desarrollar nuestra asociaci\u00f3n.<\/p>\n\n<h2 class=\"wp-block-heading\">\u00bfCu\u00e1l es su relaci\u00f3n con el Tiempo?<\/h2>\n\n<p><em>Antoine Marillier<\/em> : Los primeros momentos del d\u00eda son importantes para m\u00ed. Cuando trabajas en Ciel de Paris, tu d\u00eda est\u00e1 muy marcado por el tiempo. Debemos preguntarnos c\u00f3mo aprovechamos este paso del tiempo y c\u00f3mo lograr transmitir cada momento de un entorno magn\u00edfico a nuestros clientes.<br\/><br\/>El clima, la luz, la vista\u2026 Todo cambia dependiendo del clima y la hora del d\u00eda. Son momentos m\u00e1gicos que se pueden ver en los ojos de nuestros clientes. Algunos de ellos descubren la Capital, la Torre Eiffel y nuestro establecimiento por primera vez. Te das cuenta de c\u00f3mo se les ilumina la cara y c\u00f3mo aparece en ella una expresi\u00f3n de fascinaci\u00f3n. Estos momentos de placer son verdaderamente m\u00e1gicos.<\/p>\n\n<div class=\"wp-block-image\"><figure class=\"aligncenter size-full\"><img decoding=\"async\" src=\"https:\/\/www.abele1757.com\/wp-content\/uploads\/2023\/02\/5-ciel-paris-abele1757-&#xAE;agencediscovery.jpg\" alt=\"\" class=\"wp-image-10398\"\/><\/figure><\/div>\n\n<h2 class=\"wp-block-heading\">\u00bfC\u00f3mo conocieron tan bien el universo del champagne y de la regi\u00f3n de Champagne?<\/h2>\n\n<p><em>Antoine Marillier<\/em> : Como champenois, es un universo que conozco muy bien. Cuando era joven, iba a hacer la vendimia. Por mis ra\u00edces, es uno de los vi\u00f1edos que m\u00e1s aprecio. Trabajar la tierra, vendimiar la uva\u2026 este precioso oficio corre por mis venas.<br\/><br\/>Mis or\u00edgenes me permiten tener un conocimiento real de la regi\u00f3n y sus terroirs. Todas estas nociones hacen que pueda orientar y afinar mis elecciones a la hora de integrar nuevas referencias de champagne. As\u00ed, me ahorro algunas dificultades que son inevitables cuando solo conoces los grandes cl\u00e1sicos de una regi\u00f3n vitivin\u00edcola. Por supuesto, esto no sustituye las etapas clave del proceso como la degustaci\u00f3n, la discusi\u00f3n y los intercambios con el embajador de la Maison. <br\/><br\/>Hablar con profesionales nos permite sobre todo entender y lograr transmitir todo el trabajo que han hecho previamente los equipos. Poder transmitir los conocimientos dentro del equipo es fundamental, tanto para el trabajo en sala como para el de cocina. Todos los trabajadores deben impregnarse de la filosof\u00eda de la marca, las caracter\u00edsticas t\u00e9cnicas del producto para que nuestros clientes queden a su vez satisfechos y orgullosos de descubrir un producto de alt\u00edsima calidad como son los champagnes Abel\u00e9 1757.<\/p>\n\n<p class=\"has-black-color has-text-color\" style=\"font-size:12px\"><em><a href=\"https:\/\/www.agencediscovery.fr\/\" target=\"_blank\" rel=\"noreferrer noopener\">Texto \u2013 Geoffrey Chateau<\/a> | <a href=\"https:\/\/www.instagram.com\/julien_gerard_m\/\" target=\"_blank\" rel=\"noreferrer noopener\">Foto \u2013 Julien G\u00e9rard-Maizi\u00e8res<\/a><\/em><\/p>\n","protected":false},"excerpt":{"rendered":"<p>Ubicado a una altitud de m\u00e1s de 210 metros, el Ciel de Paris es el lugar ineludible para disfrutar de una vista impresionante de la capital y su emblem\u00e1tica Torre Eiffel. Considerado durante mucho tiempo el restaurante m\u00e1s alto de Francia y Europa, este establecimiento de dise\u00f1o ofrece los grandes cl\u00e1sicos de la cocina francesa [&hellip;]<\/p>\n","protected":false},"author":5,"featured_media":10379,"comment_status":"closed","ping_status":"open","sticky":false,"template":"","format":"standard","meta":{"footnotes":""},"categories":[57],"tags":[],"class_list":["post-10412","post","type-post","status-publish","format-standard","has-post-thumbnail","hentry","category-gastronomia"],"yoast_head":"<!-- This site is optimized with the Yoast SEO plugin v26.8 - https:\/\/yoast.com\/product\/yoast-seo-wordpress\/ -->\n<title>Ciel de Paris, encuentro en la cumbre de la capital<\/title>\n<meta name=\"description\" content=\"El director, Antoine Marillier y el Chef Christophe Marchais, nos acompa\u00f1an al piso 56 de la Torre Montparnasse para una entrevista cruzada sobre este lugar emblem\u00e1tico.\" \/>\n<meta name=\"robots\" content=\"index, follow, max-snippet:-1, max-image-preview:large, max-video-preview:-1\" \/>\n<link rel=\"canonical\" href=\"https:\/\/www.abele1757.com\/es\/journal\/gastronomia\/ciel-de-paris-encuentro-gastronomico-en-la-cumbre-de-la-capital\/\" \/>\n<meta property=\"og:locale\" content=\"es_ES\" \/>\n<meta property=\"og:type\" content=\"article\" \/>\n<meta property=\"og:title\" content=\"Ciel de Paris, encuentro en la cumbre de la capital\" \/>\n<meta property=\"og:description\" content=\"El director, Antoine Marillier y el Chef Christophe Marchais, nos acompa\u00f1an al piso 56 de la Torre Montparnasse para una entrevista cruzada sobre este lugar emblem\u00e1tico.\" \/>\n<meta property=\"og:url\" content=\"https:\/\/www.abele1757.com\/es\/journal\/gastronomia\/ciel-de-paris-encuentro-gastronomico-en-la-cumbre-de-la-capital\/\" \/>\n<meta property=\"og:site_name\" content=\"Champagne Abel\u00e9 1757\" \/>\n<meta property=\"article:publisher\" content=\"https:\/\/www.facebook.com\/Abele1757\" \/>\n<meta property=\"article:published_time\" content=\"2023-02-13T15:42:12+00:00\" \/>\n<meta property=\"article:modified_time\" content=\"2023-02-13T15:42:17+00:00\" \/>\n<meta property=\"og:image\" content=\"https:\/\/www.abele1757.com\/wp-content\/uploads\/2023\/02\/1-ciel-paris-abele1757-\u00aeagencediscovery-2.jpg\" \/>\n\t<meta property=\"og:image:width\" content=\"810\" \/>\n\t<meta property=\"og:image:height\" content=\"540\" \/>\n\t<meta property=\"og:image:type\" content=\"image\/jpeg\" \/>\n<meta name=\"author\" content=\"Geoffrey Chateau\" \/>\n<meta name=\"twitter:card\" content=\"summary_large_image\" \/>\n<meta name=\"twitter:label1\" content=\"Escrito por\" \/>\n\t<meta name=\"twitter:data1\" content=\"Geoffrey Chateau\" \/>\n\t<meta name=\"twitter:label2\" content=\"Tiempo de lectura\" \/>\n\t<meta name=\"twitter:data2\" content=\"8 minutos\" \/>\n<script type=\"application\/ld+json\" class=\"yoast-schema-graph\">{\"@context\":\"https:\/\/schema.org\",\"@graph\":[{\"@type\":\"Article\",\"@id\":\"https:\/\/www.abele1757.com\/es\/journal\/gastronomia\/ciel-de-paris-encuentro-gastronomico-en-la-cumbre-de-la-capital\/#article\",\"isPartOf\":{\"@id\":\"https:\/\/www.abele1757.com\/es\/journal\/gastronomia\/ciel-de-paris-encuentro-gastronomico-en-la-cumbre-de-la-capital\/\"},\"author\":{\"name\":\"Geoffrey Chateau\",\"@id\":\"https:\/\/www.abele1757.com\/es\/#\/schema\/person\/a1f811e8ee48f54a8b052664d4321f7f\"},\"headline\":\"Ciel de Paris, encuentro gastron\u00f3mico en la cumbre de la capital.\",\"datePublished\":\"2023-02-13T15:42:12+00:00\",\"dateModified\":\"2023-02-13T15:42:17+00:00\",\"mainEntityOfPage\":{\"@id\":\"https:\/\/www.abele1757.com\/es\/journal\/gastronomia\/ciel-de-paris-encuentro-gastronomico-en-la-cumbre-de-la-capital\/\"},\"wordCount\":1711,\"image\":{\"@id\":\"https:\/\/www.abele1757.com\/es\/journal\/gastronomia\/ciel-de-paris-encuentro-gastronomico-en-la-cumbre-de-la-capital\/#primaryimage\"},\"thumbnailUrl\":\"https:\/\/www.abele1757.com\/wp-content\/uploads\/2023\/02\/1-ciel-paris-abele1757-\u00aeagencediscovery-2.jpg\",\"articleSection\":[\"Gastronom\u00eda\"],\"inLanguage\":\"es\"},{\"@type\":\"WebPage\",\"@id\":\"https:\/\/www.abele1757.com\/es\/journal\/gastronomia\/ciel-de-paris-encuentro-gastronomico-en-la-cumbre-de-la-capital\/\",\"url\":\"https:\/\/www.abele1757.com\/es\/journal\/gastronomia\/ciel-de-paris-encuentro-gastronomico-en-la-cumbre-de-la-capital\/\",\"name\":\"Ciel de Paris, encuentro en la cumbre de la capital\",\"isPartOf\":{\"@id\":\"https:\/\/www.abele1757.com\/es\/#website\"},\"primaryImageOfPage\":{\"@id\":\"https:\/\/www.abele1757.com\/es\/journal\/gastronomia\/ciel-de-paris-encuentro-gastronomico-en-la-cumbre-de-la-capital\/#primaryimage\"},\"image\":{\"@id\":\"https:\/\/www.abele1757.com\/es\/journal\/gastronomia\/ciel-de-paris-encuentro-gastronomico-en-la-cumbre-de-la-capital\/#primaryimage\"},\"thumbnailUrl\":\"https:\/\/www.abele1757.com\/wp-content\/uploads\/2023\/02\/1-ciel-paris-abele1757-\u00aeagencediscovery-2.jpg\",\"datePublished\":\"2023-02-13T15:42:12+00:00\",\"dateModified\":\"2023-02-13T15:42:17+00:00\",\"author\":{\"@id\":\"https:\/\/www.abele1757.com\/es\/#\/schema\/person\/a1f811e8ee48f54a8b052664d4321f7f\"},\"description\":\"El director, Antoine Marillier y el Chef Christophe Marchais, nos acompa\u00f1an al piso 56 de la Torre Montparnasse para una entrevista cruzada sobre este lugar emblem\u00e1tico.\",\"breadcrumb\":{\"@id\":\"https:\/\/www.abele1757.com\/es\/journal\/gastronomia\/ciel-de-paris-encuentro-gastronomico-en-la-cumbre-de-la-capital\/#breadcrumb\"},\"inLanguage\":\"es\",\"potentialAction\":[{\"@type\":\"ReadAction\",\"target\":[\"https:\/\/www.abele1757.com\/es\/journal\/gastronomia\/ciel-de-paris-encuentro-gastronomico-en-la-cumbre-de-la-capital\/\"]}]},{\"@type\":\"ImageObject\",\"inLanguage\":\"es\",\"@id\":\"https:\/\/www.abele1757.com\/es\/journal\/gastronomia\/ciel-de-paris-encuentro-gastronomico-en-la-cumbre-de-la-capital\/#primaryimage\",\"url\":\"https:\/\/www.abele1757.com\/wp-content\/uploads\/2023\/02\/1-ciel-paris-abele1757-\u00aeagencediscovery-2.jpg\",\"contentUrl\":\"https:\/\/www.abele1757.com\/wp-content\/uploads\/2023\/02\/1-ciel-paris-abele1757-\u00aeagencediscovery-2.jpg\",\"width\":810,\"height\":540},{\"@type\":\"BreadcrumbList\",\"@id\":\"https:\/\/www.abele1757.com\/es\/journal\/gastronomia\/ciel-de-paris-encuentro-gastronomico-en-la-cumbre-de-la-capital\/#breadcrumb\",\"itemListElement\":[{\"@type\":\"ListItem\",\"position\":1,\"name\":\"Accueil\",\"item\":\"https:\/\/www.abele1757.com\/es\/\"},{\"@type\":\"ListItem\",\"position\":2,\"name\":\"Ciel de Paris, encuentro gastron\u00f3mico en la cumbre de la capital.\"}]},{\"@type\":\"WebSite\",\"@id\":\"https:\/\/www.abele1757.com\/es\/#website\",\"url\":\"https:\/\/www.abele1757.com\/es\/\",\"name\":\"Champagne Abel\u00e9 1757\",\"description\":\"Prendre le temps\",\"potentialAction\":[{\"@type\":\"SearchAction\",\"target\":{\"@type\":\"EntryPoint\",\"urlTemplate\":\"https:\/\/www.abele1757.com\/es\/?s={search_term_string}\"},\"query-input\":{\"@type\":\"PropertyValueSpecification\",\"valueRequired\":true,\"valueName\":\"search_term_string\"}}],\"inLanguage\":\"es\"},{\"@type\":\"Person\",\"@id\":\"https:\/\/www.abele1757.com\/es\/#\/schema\/person\/a1f811e8ee48f54a8b052664d4321f7f\",\"name\":\"Geoffrey Chateau\",\"image\":{\"@type\":\"ImageObject\",\"inLanguage\":\"es\",\"@id\":\"https:\/\/www.abele1757.com\/es\/#\/schema\/person\/image\/\",\"url\":\"https:\/\/secure.gravatar.com\/avatar\/59326f8db7c43d28eb2954b98f3ca32534a3d13b26247390a5bacf2db51e3a4c?s=96&d=mm&r=g\",\"contentUrl\":\"https:\/\/secure.gravatar.com\/avatar\/59326f8db7c43d28eb2954b98f3ca32534a3d13b26247390a5bacf2db51e3a4c?s=96&d=mm&r=g\",\"caption\":\"Geoffrey Chateau\"},\"url\":\"https:\/\/www.abele1757.com\/es\/\"}]}<\/script>\n<!-- \/ Yoast SEO plugin. -->","yoast_head_json":{"title":"Ciel de Paris, encuentro en la cumbre de la capital","description":"El director, Antoine Marillier y el Chef Christophe Marchais, nos acompa\u00f1an al piso 56 de la Torre Montparnasse para una entrevista cruzada sobre este lugar emblem\u00e1tico.","robots":{"index":"index","follow":"follow","max-snippet":"max-snippet:-1","max-image-preview":"max-image-preview:large","max-video-preview":"max-video-preview:-1"},"canonical":"https:\/\/www.abele1757.com\/es\/journal\/gastronomia\/ciel-de-paris-encuentro-gastronomico-en-la-cumbre-de-la-capital\/","og_locale":"es_ES","og_type":"article","og_title":"Ciel de Paris, encuentro en la cumbre de la capital","og_description":"El director, Antoine Marillier y el Chef Christophe Marchais, nos acompa\u00f1an al piso 56 de la Torre Montparnasse para una entrevista cruzada sobre este lugar emblem\u00e1tico.","og_url":"https:\/\/www.abele1757.com\/es\/journal\/gastronomia\/ciel-de-paris-encuentro-gastronomico-en-la-cumbre-de-la-capital\/","og_site_name":"Champagne Abel\u00e9 1757","article_publisher":"https:\/\/www.facebook.com\/Abele1757","article_published_time":"2023-02-13T15:42:12+00:00","article_modified_time":"2023-02-13T15:42:17+00:00","og_image":[{"width":810,"height":540,"url":"https:\/\/www.abele1757.com\/wp-content\/uploads\/2023\/02\/1-ciel-paris-abele1757-\u00aeagencediscovery-2.jpg","type":"image\/jpeg"}],"author":"Geoffrey Chateau","twitter_card":"summary_large_image","twitter_misc":{"Escrito por":"Geoffrey Chateau","Tiempo de lectura":"8 minutos"},"schema":{"@context":"https:\/\/schema.org","@graph":[{"@type":"Article","@id":"https:\/\/www.abele1757.com\/es\/journal\/gastronomia\/ciel-de-paris-encuentro-gastronomico-en-la-cumbre-de-la-capital\/#article","isPartOf":{"@id":"https:\/\/www.abele1757.com\/es\/journal\/gastronomia\/ciel-de-paris-encuentro-gastronomico-en-la-cumbre-de-la-capital\/"},"author":{"name":"Geoffrey Chateau","@id":"https:\/\/www.abele1757.com\/es\/#\/schema\/person\/a1f811e8ee48f54a8b052664d4321f7f"},"headline":"Ciel de Paris, encuentro gastron\u00f3mico en la cumbre de la capital.","datePublished":"2023-02-13T15:42:12+00:00","dateModified":"2023-02-13T15:42:17+00:00","mainEntityOfPage":{"@id":"https:\/\/www.abele1757.com\/es\/journal\/gastronomia\/ciel-de-paris-encuentro-gastronomico-en-la-cumbre-de-la-capital\/"},"wordCount":1711,"image":{"@id":"https:\/\/www.abele1757.com\/es\/journal\/gastronomia\/ciel-de-paris-encuentro-gastronomico-en-la-cumbre-de-la-capital\/#primaryimage"},"thumbnailUrl":"https:\/\/www.abele1757.com\/wp-content\/uploads\/2023\/02\/1-ciel-paris-abele1757-\u00aeagencediscovery-2.jpg","articleSection":["Gastronom\u00eda"],"inLanguage":"es"},{"@type":"WebPage","@id":"https:\/\/www.abele1757.com\/es\/journal\/gastronomia\/ciel-de-paris-encuentro-gastronomico-en-la-cumbre-de-la-capital\/","url":"https:\/\/www.abele1757.com\/es\/journal\/gastronomia\/ciel-de-paris-encuentro-gastronomico-en-la-cumbre-de-la-capital\/","name":"Ciel de Paris, encuentro en la cumbre de la capital","isPartOf":{"@id":"https:\/\/www.abele1757.com\/es\/#website"},"primaryImageOfPage":{"@id":"https:\/\/www.abele1757.com\/es\/journal\/gastronomia\/ciel-de-paris-encuentro-gastronomico-en-la-cumbre-de-la-capital\/#primaryimage"},"image":{"@id":"https:\/\/www.abele1757.com\/es\/journal\/gastronomia\/ciel-de-paris-encuentro-gastronomico-en-la-cumbre-de-la-capital\/#primaryimage"},"thumbnailUrl":"https:\/\/www.abele1757.com\/wp-content\/uploads\/2023\/02\/1-ciel-paris-abele1757-\u00aeagencediscovery-2.jpg","datePublished":"2023-02-13T15:42:12+00:00","dateModified":"2023-02-13T15:42:17+00:00","author":{"@id":"https:\/\/www.abele1757.com\/es\/#\/schema\/person\/a1f811e8ee48f54a8b052664d4321f7f"},"description":"El director, Antoine Marillier y el Chef Christophe Marchais, nos acompa\u00f1an al piso 56 de la Torre Montparnasse para una entrevista cruzada sobre este lugar emblem\u00e1tico.","breadcrumb":{"@id":"https:\/\/www.abele1757.com\/es\/journal\/gastronomia\/ciel-de-paris-encuentro-gastronomico-en-la-cumbre-de-la-capital\/#breadcrumb"},"inLanguage":"es","potentialAction":[{"@type":"ReadAction","target":["https:\/\/www.abele1757.com\/es\/journal\/gastronomia\/ciel-de-paris-encuentro-gastronomico-en-la-cumbre-de-la-capital\/"]}]},{"@type":"ImageObject","inLanguage":"es","@id":"https:\/\/www.abele1757.com\/es\/journal\/gastronomia\/ciel-de-paris-encuentro-gastronomico-en-la-cumbre-de-la-capital\/#primaryimage","url":"https:\/\/www.abele1757.com\/wp-content\/uploads\/2023\/02\/1-ciel-paris-abele1757-\u00aeagencediscovery-2.jpg","contentUrl":"https:\/\/www.abele1757.com\/wp-content\/uploads\/2023\/02\/1-ciel-paris-abele1757-\u00aeagencediscovery-2.jpg","width":810,"height":540},{"@type":"BreadcrumbList","@id":"https:\/\/www.abele1757.com\/es\/journal\/gastronomia\/ciel-de-paris-encuentro-gastronomico-en-la-cumbre-de-la-capital\/#breadcrumb","itemListElement":[{"@type":"ListItem","position":1,"name":"Accueil","item":"https:\/\/www.abele1757.com\/es\/"},{"@type":"ListItem","position":2,"name":"Ciel de Paris, encuentro gastron\u00f3mico en la cumbre de la capital."}]},{"@type":"WebSite","@id":"https:\/\/www.abele1757.com\/es\/#website","url":"https:\/\/www.abele1757.com\/es\/","name":"Champagne Abel\u00e9 1757","description":"Prendre le temps","potentialAction":[{"@type":"SearchAction","target":{"@type":"EntryPoint","urlTemplate":"https:\/\/www.abele1757.com\/es\/?s={search_term_string}"},"query-input":{"@type":"PropertyValueSpecification","valueRequired":true,"valueName":"search_term_string"}}],"inLanguage":"es"},{"@type":"Person","@id":"https:\/\/www.abele1757.com\/es\/#\/schema\/person\/a1f811e8ee48f54a8b052664d4321f7f","name":"Geoffrey Chateau","image":{"@type":"ImageObject","inLanguage":"es","@id":"https:\/\/www.abele1757.com\/es\/#\/schema\/person\/image\/","url":"https:\/\/secure.gravatar.com\/avatar\/59326f8db7c43d28eb2954b98f3ca32534a3d13b26247390a5bacf2db51e3a4c?s=96&d=mm&r=g","contentUrl":"https:\/\/secure.gravatar.com\/avatar\/59326f8db7c43d28eb2954b98f3ca32534a3d13b26247390a5bacf2db51e3a4c?s=96&d=mm&r=g","caption":"Geoffrey Chateau"},"url":"https:\/\/www.abele1757.com\/es\/"}]}},"_links":{"self":[{"href":"https:\/\/www.abele1757.com\/es\/wp-json\/wp\/v2\/posts\/10412","targetHints":{"allow":["GET"]}}],"collection":[{"href":"https:\/\/www.abele1757.com\/es\/wp-json\/wp\/v2\/posts"}],"about":[{"href":"https:\/\/www.abele1757.com\/es\/wp-json\/wp\/v2\/types\/post"}],"author":[{"embeddable":true,"href":"https:\/\/www.abele1757.com\/es\/wp-json\/wp\/v2\/users\/5"}],"replies":[{"embeddable":true,"href":"https:\/\/www.abele1757.com\/es\/wp-json\/wp\/v2\/comments?post=10412"}],"version-history":[{"count":3,"href":"https:\/\/www.abele1757.com\/es\/wp-json\/wp\/v2\/posts\/10412\/revisions"}],"predecessor-version":[{"id":10415,"href":"https:\/\/www.abele1757.com\/es\/wp-json\/wp\/v2\/posts\/10412\/revisions\/10415"}],"wp:featuredmedia":[{"embeddable":true,"href":"https:\/\/www.abele1757.com\/es\/wp-json\/wp\/v2\/media\/10379"}],"wp:attachment":[{"href":"https:\/\/www.abele1757.com\/es\/wp-json\/wp\/v2\/media?parent=10412"}],"wp:term":[{"taxonomy":"category","embeddable":true,"href":"https:\/\/www.abele1757.com\/es\/wp-json\/wp\/v2\/categories?post=10412"},{"taxonomy":"post_tag","embeddable":true,"href":"https:\/\/www.abele1757.com\/es\/wp-json\/wp\/v2\/tags?post=10412"}],"curies":[{"name":"wp","href":"https:\/\/api.w.org\/{rel}","templated":true}]}}